{"id":8765,"date":"2018-06-07T19:06:56","date_gmt":"2018-06-07T22:06:56","guid":{"rendered":"http:\/\/www.muricionline.com.br\/novo\/?p=8765"},"modified":"2018-06-07T19:06:56","modified_gmt":"2018-06-07T22:06:56","slug":"governo-de-alagoas-lanca-programa-de-reflorestamento-planta-alagoas","status":"publish","type":"post","link":"http:\/\/www.muricionline.com.br\/novo\/?p=8765","title":{"rendered":"Governo de Alagoas lan\u00e7a programa de reflorestamento Planta, Alagoas"},"content":{"rendered":"<p><i class=\"fa fa-clock-o\" style=\"font-size: 16px;\"><\/i>O Dia Mundial do Meio Ambiente \u00e9 celebrado em 5 de junho e o Governo de Alagoas, por meio &nbsp;da Secretaria de Estado do Meio Ambiente e dos Recursos H\u00eddricos (Semarh), comemora os avan\u00e7os nesta \u00e1rea com uma s\u00e9rie de atividades que acontecem nesta sexta-feira (8), a partir das 9h, no sal\u00e3o Aqualtune, no Pal\u00e1cio do Governo, no Centro, e contar\u00e1 com a participa\u00e7\u00e3o do governador Renan Filho.<\/p>\n<p>O primeiro evento ser\u00e1 o lan\u00e7amento do Programa \u201cPlanta, Alagoas\u201d. Sua proposta \u00e9 reflorestar as matas ciliares nos pr\u00f3ximos quatro anos. A Semarh ir\u00e1 doar um milh\u00e3o de mudas aos munic\u00edpios. Esse trabalho ser\u00e1 efetivado pelo Governo do Estado, prefeituras e fiscalizado pelos Comit\u00eas de Bacias Hidrogr\u00e1ficas de Alagoas.<\/p>\n<p>Em seguida, a Secretaria de Estado do Meio Ambiente cede um ve\u00edculo \u00e0 Associa\u00e7\u00e3o dos Comit\u00eas de Bacia Hidrogr\u00e1fica de Alagoas. Sua finalidade \u00e9 contribuir efetivamente nos cumprimentos das a\u00e7\u00f5es dos comit\u00eas para recupera\u00e7\u00e3o e preserva\u00e7\u00e3o das bacias no Estado.<\/p>\n<p>Ainda durante a solenidade, o titular da Semarh, o secret\u00e1rio Alexandre Ayres, assina o conv\u00eanio de apoio aos catadores de reciclados junto ao Servi\u00e7o Brasileiro de Apoio \u00e0s Micro e Pequenas Empresas (Sebrae).<\/p>\n<p>O projeto contempla 14 cooperativas de catadores que atuam em Macei\u00f3, Arapiraca, Marechal Deodoro, Piranhas, Delmiro Gouveia, Palmeira dos \u00cdndios, Quebrangulo, S\u00e3o Miguel dos Campos, Campo Alegre e Coruripe.<\/p>\n<p>Nas dez cidades ser\u00e3o executadas capacita\u00e7\u00f5es para melhorias nos \u00e2mbitos profissional e pessoal, pretendendo assim ampliar o poder de atua\u00e7\u00e3o das cooperativas, al\u00e9m de manter o incentivo da gest\u00e3o adequada dos res\u00edduos s\u00f3lidos.<\/p>\n<p><strong>Homenagem<\/strong><\/p>\n<p>O encerramento de 100% dos lix\u00f5es em Alagoas tamb\u00e9m faz parte da programa\u00e7\u00e3o. Os prefeitos receber\u00e3o uma homenagem da Secretaria de Estado do Meio Ambiente e dos Recursos H\u00eddricos pelo cumprimento da Pol\u00edtica Nacional de Res\u00edduos S\u00f3lidos (PNRS) ap\u00f3s o planejamento da Semarh iniciado em 2015.<\/p>\n<p>Segundo o secret\u00e1rio Alexandre Ayres, todas estas a\u00e7\u00f5es demonstram o fortalecimento da gest\u00e3o ambiental em Alagoas nos \u00faltimos quatro anos.<\/p>\n<p>&nbsp;<\/p>\n<p>Com Ag\u00eancia Alagoas&nbsp;<\/p>\n<span style=\"clear:both;display:none;\"><img src=\"http:\/\/www.muricionline.com.br\/novo\/wp-content\/plugins\/wp-spamfree\/img\/wpsf-img.php\" width=\"0\" height=\"0\" alt=\"\" style=\"border-style:none;width:0px;height:0px;display:none;\" \/><\/span>","protected":false},"excerpt":{"rendered":"<p>O Dia Mundial do Meio Ambiente \u00e9 celebrado em 5 de junho e o Governo de Alagoas, por meio &nbsp;da Secretaria de Estado do Meio Ambiente e dos Recursos H\u00eddricos (Semarh), comemora os avan\u00e7os nesta \u00e1rea com uma s\u00e9rie de atividades que acontecem nesta sexta-feira (8), a partir das 9h, no sal\u00e3o Aqualtune, no Pal\u00e1cio&#8230;<\/p>\n","protected":false},"author":1,"featured_media":8766,"comment_status":"open","ping_status":"open","sticky":false,"template":"","format":"standard","meta":{"footnotes":""},"categories":[1],"tags":[5],"_links":{"self":[{"href":"http:\/\/www.muricionline.com.br\/novo\/index.php?rest_route=\/wp\/v2\/posts\/8765"}],"collection":[{"href":"http:\/\/www.muricionline.com.br\/novo\/index.php?rest_route=\/wp\/v2\/posts"}],"about":[{"href":"http:\/\/www.muricionline.com.br\/novo\/index.php?rest_route=\/wp\/v2\/types\/post"}],"author":[{"embeddable":true,"href":"http:\/\/www.muricionline.com.br\/novo\/index.php?rest_route=\/wp\/v2\/users\/1"}],"replies":[{"embeddable":true,"href":"http:\/\/www.muricionline.com.br\/novo\/index.php?rest_route=%2Fwp%2Fv2%2Fcomments&post=8765"}],"version-history":[{"count":1,"href":"http:\/\/www.muricionline.com.br\/novo\/index.php?rest_route=\/wp\/v2\/posts\/8765\/revisions"}],"predecessor-version":[{"id":8767,"href":"http:\/\/www.muricionline.com.br\/novo\/index.php?rest_route=\/wp\/v2\/posts\/8765\/revisions\/8767"}],"wp:featuredmedia":[{"embeddable":true,"href":"http:\/\/www.muricionline.com.br\/novo\/index.php?rest_route=\/wp\/v2\/media\/8766"}],"wp:attachment":[{"href":"http:\/\/www.muricionline.com.br\/novo\/index.php?rest_route=%2Fwp%2Fv2%2Fmedia&parent=8765"}],"wp:term":[{"taxonomy":"category","embeddable":true,"href":"http:\/\/www.muricionline.com.br\/novo\/index.php?rest_route=%2Fwp%2Fv2%2Fcategories&post=8765"},{"taxonomy":"post_tag","embeddable":true,"href":"http:\/\/www.muricionline.com.br\/novo\/index.php?rest_route=%2Fwp%2Fv2%2Ftags&post=8765"}],"curies":[{"name":"wp","href":"https:\/\/api.w.org\/{rel}","templated":true}]}}