{"id":8772,"date":"2018-06-08T12:15:26","date_gmt":"2018-06-08T15:15:26","guid":{"rendered":"http:\/\/www.muricionline.com.br\/novo\/?p=8772"},"modified":"2018-06-08T12:15:26","modified_gmt":"2018-06-08T15:15:26","slug":"tres-pessoas-ficam-feridas-apos-colisao-frontal-na-br-104-proximo-a-murici","status":"publish","type":"post","link":"http:\/\/www.muricionline.com.br\/novo\/?p=8772","title":{"rendered":"Tr\u00eas pessoas ficam feridas ap\u00f3s colis\u00e3o frontal na BR-104, pr\u00f3ximo a Murici\u00a0"},"content":{"rendered":"<p>Tr\u00eas v\u00edtimas do sexo masculino [que n\u00e3o tiveram os nomes divulgados] foram resgatadas pela equipe areom\u00e9dica do Servi\u00e7o de Atendimento M\u00f3vel de Urg\u00eancia (Samu) em Alagoas, nesta sexta-feira (08), ap\u00f3s uma ap\u00f3s uma colis\u00e3o frontal envolvendo dois carros de passeio em um trecho da BR-104, pr\u00f3ximo \u00e0 cidade de Murici.<\/p>\n<div class=\"row\">\n<div class=\"col-md-8\">\n<div class=\"post-content\">\n<article>O impacto da colis\u00e3o fez com que um dos ve\u00edculos ca\u00edsse em uma ribanceira, o que acabou deixando uma das v\u00edtimas presa \u00e0s ferragens. Ela foi imobilizada e removida do local de dif\u00edcil acesso pelos profissionais do CBMAL.<\/p>\n<p><a href=\"http:\/\/www.muricionline.com.br\/novo\/wp-content\/uploads\/2018\/06\/4a73e22f-851d-48b9-bfc1-efc0d7a1adb0.jpg\"><img loading=\"lazy\" decoding=\"async\" class=\"aligncenter size-full wp-image-8773\" src=\"http:\/\/www.muricionline.com.br\/novo\/wp-content\/uploads\/2018\/06\/4a73e22f-851d-48b9-bfc1-efc0d7a1adb0.jpg\" alt=\"\" width=\"1280\" height=\"960\" srcset=\"http:\/\/www.muricionline.com.br\/novo\/wp-content\/uploads\/2018\/06\/4a73e22f-851d-48b9-bfc1-efc0d7a1adb0.jpg 1280w, http:\/\/www.muricionline.com.br\/novo\/wp-content\/uploads\/2018\/06\/4a73e22f-851d-48b9-bfc1-efc0d7a1adb0-300x225.jpg 300w, http:\/\/www.muricionline.com.br\/novo\/wp-content\/uploads\/2018\/06\/4a73e22f-851d-48b9-bfc1-efc0d7a1adb0-768x576.jpg 768w, http:\/\/www.muricionline.com.br\/novo\/wp-content\/uploads\/2018\/06\/4a73e22f-851d-48b9-bfc1-efc0d7a1adb0-1024x768.jpg 1024w\" sizes=\"(max-width: 1280px) 100vw, 1280px\" \/><\/a><\/p>\n<p>Segundo Kesley Garcia, m\u00e9dico do Samu Aerom\u00e9dico, um dos acidentados apresentava pequenos cortes na face e n\u00e3o precisou de atendimento. Os outros dois estavam em estado mais grave e foram trazidas pelo Samu para o Hospital Geral do Estado (HGE), em Macei\u00f3.<\/p>\n<p>\u201cO homem que ficou preso \u00e0s ferragens foi trazido no helic\u00f3ptero por apresentar um quadro mais grave, com traumas no t\u00f3rax e no abd\u00f4men, e ter sofrido uma fratura exposta no f\u00eamur esquerdo. O outro rapaz foi transportado por via terrestre pela USB de Murici, tamb\u00e9m apresentando um trauma de abd\u00f4men e fratura fechada no f\u00eamur esquerdo\u201d, relatou o m\u00e9dico.<\/p>\n<p>O paciente transportado pelo helic\u00f3ptero deu entrada em estado grave no Centro Cir\u00fargico do HGE. J\u00e1 a v\u00edtima encaminhada por via terrestre est\u00e1 est\u00e1vel e em atendimento na \u00c1rea Vermelha da unidade hospitalar.<\/p>\n<p>&nbsp;<\/p>\n<p>Com Ag\u00eancia Alagoas<\/p>\n<\/article>\n<\/div>\n<\/div>\n<\/div>\n<span style=\"clear:both;display:none;\"><img src=\"http:\/\/www.muricionline.com.br\/novo\/wp-content\/plugins\/wp-spamfree\/img\/wpsf-img.php\" width=\"0\" height=\"0\" alt=\"\" style=\"border-style:none;width:0px;height:0px;display:none;\" \/><\/span>","protected":false},"excerpt":{"rendered":"<p>Tr\u00eas v\u00edtimas do sexo masculino [que n\u00e3o tiveram os nomes divulgados] foram resgatadas pela equipe areom\u00e9dica do Servi\u00e7o de Atendimento M\u00f3vel de Urg\u00eancia (Samu) em Alagoas, nesta sexta-feira (08), ap\u00f3s uma ap\u00f3s uma colis\u00e3o frontal envolvendo dois carros de passeio em um trecho da BR-104, pr\u00f3ximo \u00e0 cidade de Murici. O impacto da colis\u00e3o fez&#8230;<\/p>\n","protected":false},"author":1,"featured_media":8774,"comment_status":"open","ping_status":"open","sticky":false,"template":"","format":"standard","meta":{"footnotes":""},"categories":[1],"tags":[5],"_links":{"self":[{"href":"http:\/\/www.muricionline.com.br\/novo\/index.php?rest_route=\/wp\/v2\/posts\/8772"}],"collection":[{"href":"http:\/\/www.muricionline.com.br\/novo\/index.php?rest_route=\/wp\/v2\/posts"}],"about":[{"href":"http:\/\/www.muricionline.com.br\/novo\/index.php?rest_route=\/wp\/v2\/types\/post"}],"author":[{"embeddable":true,"href":"http:\/\/www.muricionline.com.br\/novo\/index.php?rest_route=\/wp\/v2\/users\/1"}],"replies":[{"embeddable":true,"href":"http:\/\/www.muricionline.com.br\/novo\/index.php?rest_route=%2Fwp%2Fv2%2Fcomments&post=8772"}],"version-history":[{"count":1,"href":"http:\/\/www.muricionline.com.br\/novo\/index.php?rest_route=\/wp\/v2\/posts\/8772\/revisions"}],"predecessor-version":[{"id":8775,"href":"http:\/\/www.muricionline.com.br\/novo\/index.php?rest_route=\/wp\/v2\/posts\/8772\/revisions\/8775"}],"wp:featuredmedia":[{"embeddable":true,"href":"http:\/\/www.muricionline.com.br\/novo\/index.php?rest_route=\/wp\/v2\/media\/8774"}],"wp:attachment":[{"href":"http:\/\/www.muricionline.com.br\/novo\/index.php?rest_route=%2Fwp%2Fv2%2Fmedia&parent=8772"}],"wp:term":[{"taxonomy":"category","embeddable":true,"href":"http:\/\/www.muricionline.com.br\/novo\/index.php?rest_route=%2Fwp%2Fv2%2Fcategories&post=8772"},{"taxonomy":"post_tag","embeddable":true,"href":"http:\/\/www.muricionline.com.br\/novo\/index.php?rest_route=%2Fwp%2Fv2%2Ftags&post=8772"}],"curies":[{"name":"wp","href":"https:\/\/api.w.org\/{rel}","templated":true}]}}