{"id":8776,"date":"2018-06-08T13:21:57","date_gmt":"2018-06-08T16:21:57","guid":{"rendered":"http:\/\/www.muricionline.com.br\/novo\/?p=8776"},"modified":"2018-06-08T13:24:14","modified_gmt":"2018-06-08T16:24:14","slug":"seris-abre-processo-seletivo-para-estagiarios","status":"publish","type":"post","link":"http:\/\/www.muricionline.com.br\/novo\/?p=8776","title":{"rendered":"SERIS abre processo seletivo para estagi\u00e1rios"},"content":{"rendered":"<p>A Secretaria de Estado de Ressocializa\u00e7\u00e3o e Inclus\u00e3o Social \u2013 SERIS abriu&nbsp;Processo Seletivo de Estagi\u00e1rios&nbsp;de N\u00edvel Superior, que ser\u00e1&nbsp;regido pelos editais SERIS N\u00ba 001\/2018, 002\/2018 e 003\/2018, publicados no Di\u00e1rio Oficial do Estado de 06.06.2018&nbsp;&nbsp;<\/p>\n<p>O Processo Seletivo de Estagi\u00e1rio de N\u00edvel Superior destina-se ao preenchimento imediato de: 12 (doze) vagas, para os cursos de Administra\u00e7\u00e3o\/Administra\u00e7\u00e3o P\u00fablica; 02 (duas) vagas para o curso de Arquitetura; 03 (tr\u00eas) vagas para o curso de Engenharia Civil e&nbsp;03 (tr\u00eas) vagas&nbsp;para o curso de&nbsp;&nbsp;An\u00e1lise e Desenvolvimento de Sistemas ou Sistemas de Informa\u00e7\u00e3o ou Redes de Computadores ou Ci\u00eancia da Computa\u00e7\u00e3o.<\/p>\n<p>As inscri\u00e7\u00f5es s\u00e3o gratuitas e ser\u00e3o realizadas no per\u00edodo compreendido entre os dias&nbsp;13 e 14 de junho de 2018&nbsp;das 08h00min \u00e0s 12h00min e das 13h00min \u00e0s 17h00min, e&nbsp;15 de junho de 2018&nbsp;das 08h00min \u00e0s 12h00min, hor\u00e1rio local.<\/p>\n<p>LOCAL: Edif\u00edcio Sede da Secretaria de Estado de Ressocializa\u00e7\u00e3o e Inclus\u00e3o Social \u2013 SERIS, situado na Rua 10 de Novembro, N\u00ba 256, Farol, Macei\u00f3\u2013AL.<\/p>\n<p>Os requisitos constam nos editais, dispon\u00edveis em:&nbsp;http:\/\/www.seris.al.gov.br\/acesso-a-informacao\/lista-de-pastas\/servicos\/estagiarios\/selecao-de-estagiarios-2018.<\/p>\n<p>&nbsp;<\/p>\n<p>Com Assessoria&nbsp;<\/p>\n<span style=\"clear:both;display:none;\"><img src=\"http:\/\/www.muricionline.com.br\/novo\/wp-content\/plugins\/wp-spamfree\/img\/wpsf-img.php\" width=\"0\" height=\"0\" alt=\"\" style=\"border-style:none;width:0px;height:0px;display:none;\" \/><\/span>","protected":false},"excerpt":{"rendered":"<p>A Secretaria de Estado de Ressocializa\u00e7\u00e3o e Inclus\u00e3o Social \u2013 SERIS abriu&nbsp;Processo Seletivo de Estagi\u00e1rios&nbsp;de N\u00edvel Superior, que ser\u00e1&nbsp;regido pelos editais SERIS N\u00ba 001\/2018, 002\/2018 e 003\/2018, publicados no Di\u00e1rio Oficial do Estado de 06.06.2018&nbsp;&nbsp; O Processo Seletivo de Estagi\u00e1rio de N\u00edvel Superior destina-se ao preenchimento imediato de: 12 (doze) vagas, para os cursos de&#8230;<\/p>\n","protected":false},"author":1,"featured_media":8778,"comment_status":"open","ping_status":"open","sticky":false,"template":"","format":"standard","meta":{"footnotes":""},"categories":[1],"tags":[5],"_links":{"self":[{"href":"http:\/\/www.muricionline.com.br\/novo\/index.php?rest_route=\/wp\/v2\/posts\/8776"}],"collection":[{"href":"http:\/\/www.muricionline.com.br\/novo\/index.php?rest_route=\/wp\/v2\/posts"}],"about":[{"href":"http:\/\/www.muricionline.com.br\/novo\/index.php?rest_route=\/wp\/v2\/types\/post"}],"author":[{"embeddable":true,"href":"http:\/\/www.muricionline.com.br\/novo\/index.php?rest_route=\/wp\/v2\/users\/1"}],"replies":[{"embeddable":true,"href":"http:\/\/www.muricionline.com.br\/novo\/index.php?rest_route=%2Fwp%2Fv2%2Fcomments&post=8776"}],"version-history":[{"count":1,"href":"http:\/\/www.muricionline.com.br\/novo\/index.php?rest_route=\/wp\/v2\/posts\/8776\/revisions"}],"predecessor-version":[{"id":8777,"href":"http:\/\/www.muricionline.com.br\/novo\/index.php?rest_route=\/wp\/v2\/posts\/8776\/revisions\/8777"}],"wp:featuredmedia":[{"embeddable":true,"href":"http:\/\/www.muricionline.com.br\/novo\/index.php?rest_route=\/wp\/v2\/media\/8778"}],"wp:attachment":[{"href":"http:\/\/www.muricionline.com.br\/novo\/index.php?rest_route=%2Fwp%2Fv2%2Fmedia&parent=8776"}],"wp:term":[{"taxonomy":"category","embeddable":true,"href":"http:\/\/www.muricionline.com.br\/novo\/index.php?rest_route=%2Fwp%2Fv2%2Fcategories&post=8776"},{"taxonomy":"post_tag","embeddable":true,"href":"http:\/\/www.muricionline.com.br\/novo\/index.php?rest_route=%2Fwp%2Fv2%2Ftags&post=8776"}],"curies":[{"name":"wp","href":"https:\/\/api.w.org\/{rel}","templated":true}]}}