{"id":8779,"date":"2018-06-08T19:24:01","date_gmt":"2018-06-08T22:24:01","guid":{"rendered":"http:\/\/www.muricionline.com.br\/novo\/?p=8779"},"modified":"2018-06-08T19:24:01","modified_gmt":"2018-06-08T22:24:01","slug":"prefeito-kil-assina-ordem-de-servico-para-construcao-de-nova-unidade-de-saude-em-uniao","status":"publish","type":"post","link":"http:\/\/www.muricionline.com.br\/novo\/?p=8779","title":{"rendered":"Prefeito Kil assina ordem de servi\u00e7o para constru\u00e7\u00e3o de nova Unidade de Sa\u00fade, em Uni\u00e3o"},"content":{"rendered":"<p>Com previs\u00e3o de aproximadamente seis meses, a obra vai beneficiar mais de 3.500 moradores.<\/p>\n<p>Nesta sexta-feira (08\/06), o prefeito Areski Freitas (Kil) e a secret\u00e1ria de sa\u00fade, Geany Vergeth, assinaram a ordem de servi\u00e7o para constru\u00e7\u00e3o da nova Unidade B\u00e1sica de Sa\u00fade do Alto do Cruzeiro, na pra\u00e7a do bairro. Obra viabilizada com recursos federais e tamanho estimado em 21,80&#215;18,50 m\u00b2, a nova unidade vai atender cerca de 3.500 pessoas, ampliando a acessibilidade da popula\u00e7\u00e3o aos servi\u00e7os b\u00e1sicos de sa\u00fade.<\/p>\n<p>\u201c\u00c9 uma obra muito importante que vem para fortalecer a sa\u00fade p\u00fablica de Uni\u00e3o, com uma nova unidade, moderna e totalmente equipada e repleta de profissionais capacitadas para oferecer todo suporto necess\u00e1rio \u00e0 popula\u00e7\u00e3o\u201d, disse o prefeito Kil, que participou da solenidade ao lado de secret\u00e1rios, representantes do poder legislativo, a equipe de engenharia respons\u00e1vel pela obra e os moradores.<\/p>\n<p>A previs\u00e3o da obra \u00e9 de aproximadamente seis meses.<\/p>\n<p>&nbsp;<\/p>\n<p>Com Assessoria&nbsp;<\/p>\n<span style=\"clear:both;display:none;\"><img src=\"http:\/\/www.muricionline.com.br\/novo\/wp-content\/plugins\/wp-spamfree\/img\/wpsf-img.php\" width=\"0\" height=\"0\" alt=\"\" style=\"border-style:none;width:0px;height:0px;display:none;\" \/><\/span>","protected":false},"excerpt":{"rendered":"<p>Com previs\u00e3o de aproximadamente seis meses, a obra vai beneficiar mais de 3.500 moradores. Nesta sexta-feira (08\/06), o prefeito Areski Freitas (Kil) e a secret\u00e1ria de sa\u00fade, Geany Vergeth, assinaram a ordem de servi\u00e7o para constru\u00e7\u00e3o da nova Unidade B\u00e1sica de Sa\u00fade do Alto do Cruzeiro, na pra\u00e7a do bairro. Obra viabilizada com recursos federais&#8230;<\/p>\n","protected":false},"author":1,"featured_media":8780,"comment_status":"open","ping_status":"open","sticky":false,"template":"","format":"standard","meta":{"footnotes":""},"categories":[1],"tags":[5],"_links":{"self":[{"href":"http:\/\/www.muricionline.com.br\/novo\/index.php?rest_route=\/wp\/v2\/posts\/8779"}],"collection":[{"href":"http:\/\/www.muricionline.com.br\/novo\/index.php?rest_route=\/wp\/v2\/posts"}],"about":[{"href":"http:\/\/www.muricionline.com.br\/novo\/index.php?rest_route=\/wp\/v2\/types\/post"}],"author":[{"embeddable":true,"href":"http:\/\/www.muricionline.com.br\/novo\/index.php?rest_route=\/wp\/v2\/users\/1"}],"replies":[{"embeddable":true,"href":"http:\/\/www.muricionline.com.br\/novo\/index.php?rest_route=%2Fwp%2Fv2%2Fcomments&post=8779"}],"version-history":[{"count":1,"href":"http:\/\/www.muricionline.com.br\/novo\/index.php?rest_route=\/wp\/v2\/posts\/8779\/revisions"}],"predecessor-version":[{"id":8781,"href":"http:\/\/www.muricionline.com.br\/novo\/index.php?rest_route=\/wp\/v2\/posts\/8779\/revisions\/8781"}],"wp:featuredmedia":[{"embeddable":true,"href":"http:\/\/www.muricionline.com.br\/novo\/index.php?rest_route=\/wp\/v2\/media\/8780"}],"wp:attachment":[{"href":"http:\/\/www.muricionline.com.br\/novo\/index.php?rest_route=%2Fwp%2Fv2%2Fmedia&parent=8779"}],"wp:term":[{"taxonomy":"category","embeddable":true,"href":"http:\/\/www.muricionline.com.br\/novo\/index.php?rest_route=%2Fwp%2Fv2%2Fcategories&post=8779"},{"taxonomy":"post_tag","embeddable":true,"href":"http:\/\/www.muricionline.com.br\/novo\/index.php?rest_route=%2Fwp%2Fv2%2Ftags&post=8779"}],"curies":[{"name":"wp","href":"https:\/\/api.w.org\/{rel}","templated":true}]}}