{"id":8785,"date":"2018-06-10T10:01:03","date_gmt":"2018-06-10T13:01:03","guid":{"rendered":"http:\/\/www.muricionline.com.br\/novo\/?p=8785"},"modified":"2018-06-10T10:01:39","modified_gmt":"2018-06-10T13:01:39","slug":"santana-do-mundau-tera-programacao-especial-em-comemoracao-aos-58-anos-de-emancipacao-politica","status":"publish","type":"post","link":"http:\/\/www.muricionline.com.br\/novo\/?p=8785","title":{"rendered":"Santana do Munda\u00fa ter\u00e1 programa\u00e7\u00e3o especial em comemora\u00e7\u00e3o aos 58 anos de emancipa\u00e7\u00e3o pol\u00edtica"},"content":{"rendered":"<div><span style=\"font-family: sans-serif, Arial, Verdana, 'Trebuchet MS';\"><span style=\"color: #333333;\"><span style=\"font-family: Arial, Helvetica, sans-serif;\"><span style=\"color: black;\">Na quinta-feira (14), o munic\u00edpio de Santana do Munda\u00fa completar\u00e1 58 anos.&nbsp;E para comemorar, a Prefeitura, atrav\u00e9s do Prefeito&nbsp;Arthur Freitas e da vice-prefeita, Dona Bet\u00e2nia,&nbsp;est\u00e1 preparando uma vasta programa\u00e7\u00e3o para festejar junto aos mun\u00edcipes, servidores, empres\u00e1rios e autoridades, a importante data.<\/span><\/span><\/span><\/span><\/div>\n<div>&nbsp;<\/div>\n<div><span style=\"font-family: sans-serif, Arial, Verdana, 'Trebuchet MS';\"><span style=\"color: #333333;\"><span style=\"font-family: Arial, Helvetica, sans-serif;\"><span style=\"color: black;\">&#8220;Convidamos a todos para participar dessa grande festa.&nbsp;Santana do Munda\u00fa&nbsp;est\u00e1 vivenciando dias promissores, e, com o empenho da nossa equipe de governo e o apoio da popula\u00e7\u00e3o, estamos conseguindo fazer um bom trabalho, cumprindo nossos compromissos, e melhorando a cada dia a vida da nossa gente&#8221;, avaliou Arthur Freitas.&nbsp;<\/span><\/span><\/span><\/span><\/div>\n<div>&nbsp;<\/div>\n<div>Com diversas atividades previstas, a programa\u00e7\u00e3o que tem in\u00edcio \u00e0s 8h na quarta-feira (13) e segue durante toda a quinta-feira (14), contar\u00e1 com inaugura\u00e7\u00f5es, entrega de ve\u00edculos, de fardamentos, entre outras. O&nbsp;tradicional Desfile C\u00edvico com apresenta\u00e7\u00f5es de bandas fanfarras,&nbsp;est\u00e1 programado para acontecer a partir das 15h, do dia 14. J\u00e1 os shows art\u00edsticos que encerrar\u00e3o com chave de ouro as festividades,&nbsp;acontecem a partir das 22h, com os cantores Berg Gonzaga, Eduardo Pollozzi e Mano Walter.&nbsp;<\/div>\n<div>&nbsp;<\/div>\n<div><span style=\"font-family: sans-serif, Arial, Verdana, 'Trebuchet MS';\"><span style=\"color: #333333;\"><span style=\"font-family: Arial, Helvetica, sans-serif;\"><span style=\"color: black;\"><b>Confira a programa\u00e7\u00e3o completa:<\/b><\/span><\/span><\/span><\/span><\/div>\n<p>&nbsp;<\/p>\n<p><b><u>Quarta-feira (13 de junho) <\/u><\/b><\/p>\n<p>08h &#8211; Momento Saud\u00e1vel; <a href=\"calendar:T1:11:30\">11:30<\/a>h &#8211; Reinaugura\u00e7\u00e3o do Complexo de Sa\u00fade Sargento Jos\u00e9 F\u00e9lix Filho; 15h- Inaugura\u00e7\u00e3o do Centro do Conselho Municipal de Educa\u00e7\u00e3o; da Sala de Atendimento Educacional Especializado &#8211; AEE, e Laborat\u00f3rio de Aprendizagem da Escola Municipal Monsenhor Cl\u00f3vis Duarte de Barros; <a href=\"calendar:T1:16:30\">16:30<\/a>h &#8211; Entrega dos fardamentos \u00e0s merendeiras, auxiliares de servi\u00e7os educacionais e motoristas escolares (Local: Escola Municipal Monsenhor Cl\u00f3vis Duarte de Barros). <b>Quinta-feira (14 de junho) <\/b><a href=\"calendar:T1:7:30\">7:30<\/a>h &#8211; Hasteamento da Bandeira; <a href=\"calendar:T1:8:30\">8:30<\/a>h &#8211; Celebra\u00e7\u00e3o da Missa em A\u00e7\u00e3o de Gra\u00e7as;<\/p>\n<p><a href=\"calendar:T1:9:30\">9:30<\/a>h &#8211; Entrega de um Caminh\u00e3o Compactador de Lixo; 10h &#8211; Inaugura\u00e7\u00e3o da Biblioteca Municipal Jo\u00e3o Correia da Silva; <a href=\"calendar:T1:10:30\">10:30<\/a>h &#8211; Reinaugura\u00e7\u00e3o do Creas; 11h &#8211; Inaugura\u00e7\u00e3o da Ilumina\u00e7\u00e3o P\u00fablica em Led; <a href=\"calendar:T1:11:30\">11:30<\/a>h &#8211; Reinaugura\u00e7\u00e3o da Rua do Seu Oscar; 12h &#8211; Entrega de novos ve\u00edculos; 15h- Desfile C\u00edvico com apresenta\u00e7\u00e3o da Banda Fanfarra do Munic\u00edpio e de cidades convidadas; &#8211; Entrega de uma Ambul\u00e2ncia e um Trator; &#8211; Inaugura\u00e7\u00e3o da etapa conclu\u00edda do programa Pr\u00f3-Estrada; 22h &#8211; Show Art\u00edstico com Eduardo Pollozzi, Berg Gongaza e Mano Walter.<\/p>\n<p>&nbsp;<\/p>\n<p>Com Assessoria de Comunica\u00e7\u00e3o&nbsp;<\/p>\n<span style=\"clear:both;display:none;\"><img src=\"http:\/\/www.muricionline.com.br\/novo\/wp-content\/plugins\/wp-spamfree\/img\/wpsf-img.php\" width=\"0\" height=\"0\" alt=\"\" style=\"border-style:none;width:0px;height:0px;display:none;\" \/><\/span>","protected":false},"excerpt":{"rendered":"<p>Na quinta-feira (14), o munic\u00edpio de Santana do Munda\u00fa completar\u00e1 58 anos.&nbsp;E para comemorar, a Prefeitura, atrav\u00e9s do Prefeito&nbsp;Arthur Freitas e da vice-prefeita, Dona Bet\u00e2nia,&nbsp;est\u00e1 preparando uma vasta programa\u00e7\u00e3o para festejar junto aos mun\u00edcipes, servidores, empres\u00e1rios e autoridades, a importante data. &nbsp; &#8220;Convidamos a todos para participar dessa grande festa.&nbsp;Santana do Munda\u00fa&nbsp;est\u00e1 vivenciando dias promissores,&#8230;<\/p>\n","protected":false},"author":1,"featured_media":8786,"comment_status":"open","ping_status":"open","sticky":false,"template":"","format":"standard","meta":{"footnotes":""},"categories":[1],"tags":[5],"_links":{"self":[{"href":"http:\/\/www.muricionline.com.br\/novo\/index.php?rest_route=\/wp\/v2\/posts\/8785"}],"collection":[{"href":"http:\/\/www.muricionline.com.br\/novo\/index.php?rest_route=\/wp\/v2\/posts"}],"about":[{"href":"http:\/\/www.muricionline.com.br\/novo\/index.php?rest_route=\/wp\/v2\/types\/post"}],"author":[{"embeddable":true,"href":"http:\/\/www.muricionline.com.br\/novo\/index.php?rest_route=\/wp\/v2\/users\/1"}],"replies":[{"embeddable":true,"href":"http:\/\/www.muricionline.com.br\/novo\/index.php?rest_route=%2Fwp%2Fv2%2Fcomments&post=8785"}],"version-history":[{"count":2,"href":"http:\/\/www.muricionline.com.br\/novo\/index.php?rest_route=\/wp\/v2\/posts\/8785\/revisions"}],"predecessor-version":[{"id":8788,"href":"http:\/\/www.muricionline.com.br\/novo\/index.php?rest_route=\/wp\/v2\/posts\/8785\/revisions\/8788"}],"wp:featuredmedia":[{"embeddable":true,"href":"http:\/\/www.muricionline.com.br\/novo\/index.php?rest_route=\/wp\/v2\/media\/8786"}],"wp:attachment":[{"href":"http:\/\/www.muricionline.com.br\/novo\/index.php?rest_route=%2Fwp%2Fv2%2Fmedia&parent=8785"}],"wp:term":[{"taxonomy":"category","embeddable":true,"href":"http:\/\/www.muricionline.com.br\/novo\/index.php?rest_route=%2Fwp%2Fv2%2Fcategories&post=8785"},{"taxonomy":"post_tag","embeddable":true,"href":"http:\/\/www.muricionline.com.br\/novo\/index.php?rest_route=%2Fwp%2Fv2%2Ftags&post=8785"}],"curies":[{"name":"wp","href":"https:\/\/api.w.org\/{rel}","templated":true}]}}