{"id":8789,"date":"2018-06-10T18:38:07","date_gmt":"2018-06-10T21:38:07","guid":{"rendered":"http:\/\/www.muricionline.com.br\/novo\/?p=8789"},"modified":"2018-06-10T18:52:02","modified_gmt":"2018-06-10T21:52:02","slug":"paroquia-confirma-cancelamento-do-arraia-da-graca-2018","status":"publish","type":"post","link":"http:\/\/www.muricionline.com.br\/novo\/?p=8789","title":{"rendered":"Par\u00f3quia confirma cancelamento do Arrai\u00e1 da Gra\u00e7a 2018"},"content":{"rendered":"<p>Atrav\u00e9s de nota divulgada nas redes sociais, a Par\u00f3quia de Nossa Senhora da Gra\u00e7a, em Murici, confirmou oficialmente o cancelamento da edi\u00e7\u00e3o 2018 do Arrai\u00e1 da Gra\u00e7a. O evento se realizaria no pr\u00f3ximo dia 23 do corrente m\u00eas.<\/p>\n<p><strong>Confiram a nota:<\/strong><\/p>\n<p><a href=\"http:\/\/www.muricionline.com.br\/novo\/wp-content\/uploads\/2018\/06\/FB_IMG_1528666411033.jpg\"><img loading=\"lazy\" decoding=\"async\" class=\"aligncenter size-full wp-image-8790\" src=\"http:\/\/www.muricionline.com.br\/novo\/wp-content\/uploads\/2018\/06\/FB_IMG_1528666411033.jpg\" alt=\"\" width=\"809\" height=\"857\" srcset=\"http:\/\/www.muricionline.com.br\/novo\/wp-content\/uploads\/2018\/06\/FB_IMG_1528666411033.jpg 809w, http:\/\/www.muricionline.com.br\/novo\/wp-content\/uploads\/2018\/06\/FB_IMG_1528666411033-283x300.jpg 283w, http:\/\/www.muricionline.com.br\/novo\/wp-content\/uploads\/2018\/06\/FB_IMG_1528666411033-768x814.jpg 768w\" sizes=\"(max-width: 809px) 100vw, 809px\" \/><\/a><\/p>\n<span style=\"clear:both;display:none;\"><img src=\"http:\/\/www.muricionline.com.br\/novo\/wp-content\/plugins\/wp-spamfree\/img\/wpsf-img.php\" width=\"0\" height=\"0\" alt=\"\" style=\"border-style:none;width:0px;height:0px;display:none;\" \/><\/span>","protected":false},"excerpt":{"rendered":"<p>Atrav\u00e9s de nota divulgada nas redes sociais, a Par\u00f3quia de Nossa Senhora da Gra\u00e7a, em Murici, confirmou oficialmente o cancelamento da edi\u00e7\u00e3o 2018 do Arrai\u00e1 da Gra\u00e7a. O evento se realizaria no pr\u00f3ximo dia 23 do corrente m\u00eas. Confiram a nota:<\/p>\n","protected":false},"author":1,"featured_media":8791,"comment_status":"open","ping_status":"open","sticky":false,"template":"","format":"standard","meta":{"footnotes":""},"categories":[1],"tags":[5],"_links":{"self":[{"href":"http:\/\/www.muricionline.com.br\/novo\/index.php?rest_route=\/wp\/v2\/posts\/8789"}],"collection":[{"href":"http:\/\/www.muricionline.com.br\/novo\/index.php?rest_route=\/wp\/v2\/posts"}],"about":[{"href":"http:\/\/www.muricionline.com.br\/novo\/index.php?rest_route=\/wp\/v2\/types\/post"}],"author":[{"embeddable":true,"href":"http:\/\/www.muricionline.com.br\/novo\/index.php?rest_route=\/wp\/v2\/users\/1"}],"replies":[{"embeddable":true,"href":"http:\/\/www.muricionline.com.br\/novo\/index.php?rest_route=%2Fwp%2Fv2%2Fcomments&post=8789"}],"version-history":[{"count":2,"href":"http:\/\/www.muricionline.com.br\/novo\/index.php?rest_route=\/wp\/v2\/posts\/8789\/revisions"}],"predecessor-version":[{"id":8793,"href":"http:\/\/www.muricionline.com.br\/novo\/index.php?rest_route=\/wp\/v2\/posts\/8789\/revisions\/8793"}],"wp:featuredmedia":[{"embeddable":true,"href":"http:\/\/www.muricionline.com.br\/novo\/index.php?rest_route=\/wp\/v2\/media\/8791"}],"wp:attachment":[{"href":"http:\/\/www.muricionline.com.br\/novo\/index.php?rest_route=%2Fwp%2Fv2%2Fmedia&parent=8789"}],"wp:term":[{"taxonomy":"category","embeddable":true,"href":"http:\/\/www.muricionline.com.br\/novo\/index.php?rest_route=%2Fwp%2Fv2%2Fcategories&post=8789"},{"taxonomy":"post_tag","embeddable":true,"href":"http:\/\/www.muricionline.com.br\/novo\/index.php?rest_route=%2Fwp%2Fv2%2Ftags&post=8789"}],"curies":[{"name":"wp","href":"https:\/\/api.w.org\/{rel}","templated":true}]}}