{"id":88,"date":"2014-06-16T13:23:23","date_gmt":"2014-06-16T13:23:23","guid":{"rendered":"http:\/\/muricionline.com.br\/novo\/?p=88"},"modified":"2014-06-16T13:23:27","modified_gmt":"2014-06-16T13:23:27","slug":"prefeitura-de-branquinha-e-instituto-vania-meneses-realizam-acao-de-saude-e-cidadania","status":"publish","type":"post","link":"http:\/\/www.muricionline.com.br\/novo\/?p=88","title":{"rendered":"Prefeitura de Branquinha e Instituto Vania Meneses realizam a\u00e7\u00e3o de sa\u00fade e cidadania"},"content":{"rendered":"<p style=\"text-align: justify;\">O Projeto A\u00e7\u00e3o de Sa\u00fade e Cidadania, que consiste no oferecimento de uma s\u00e9rie de a\u00e7\u00f5es comunit\u00e1rias a popula\u00e7\u00e3o, levou diversos servi\u00e7os gratuitos \u00e0 popula\u00e7\u00e3o de Branquinha no ultimo s\u00e1bado, 14 de junho.<\/p>\n<p>O projeto \u00e9 uma iniciativa da Prefeitura Municipal de Branquinha, em parceria com o Instituto de Vania Meneses, e contou com a realiza\u00e7\u00e3o de exames m\u00e9dicos e da emiss\u00e3o de v\u00e1rios documentos, beneficiando mais de 800 pessoas.<\/p>\n<p>Na ocasi\u00e3o a prefeita Ana Renata (PMDB), a vice Vaininha Meneses receberam a visita do deputado federal Renan Filho (PMDB), que visitou o local da a\u00e7\u00e3o, e prestigiou uma serie de inaugura\u00e7\u00e3o no munic\u00edpio.<\/p>\n<p style=\"text-align: justify;\"><a href=\"http:\/\/muricionline.com.br\/novo\/wp-content\/uploads\/2014\/06\/inau3.jpg\"><img loading=\"lazy\" decoding=\"async\" class=\"aligncenter size-medium wp-image-90\" src=\"http:\/\/muricionline.com.br\/novo\/wp-content\/uploads\/2014\/06\/inau3-300x225.jpg\" alt=\"inau3\" width=\"300\" height=\"225\" \/><\/a><\/p>\n<p style=\"text-align: justify;\"><a href=\"http:\/\/muricionline.com.br\/novo\/wp-content\/uploads\/2014\/06\/inau2.jpg\"><img loading=\"lazy\" decoding=\"async\" class=\"aligncenter size-medium wp-image-89\" src=\"http:\/\/muricionline.com.br\/novo\/wp-content\/uploads\/2014\/06\/inau2-300x225.jpg\" alt=\"inau2\" width=\"300\" height=\"225\" \/><\/a><\/p>\n<span style=\"clear:both;display:none;\"><img src=\"http:\/\/www.muricionline.com.br\/novo\/wp-content\/plugins\/wp-spamfree\/img\/wpsf-img.php\" width=\"0\" height=\"0\" alt=\"\" style=\"border-style:none;width:0px;height:0px;display:none;\" \/><\/span>","protected":false},"excerpt":{"rendered":"<p>O Projeto A\u00e7\u00e3o de Sa\u00fade e Cidadania, que consiste no oferecimento de uma s\u00e9rie de a\u00e7\u00f5es comunit\u00e1rias a popula\u00e7\u00e3o, levou diversos servi\u00e7os gratuitos \u00e0 popula\u00e7\u00e3o de Branquinha no ultimo s\u00e1bado, 14 de junho. O projeto \u00e9 uma iniciativa da Prefeitura Municipal de Branquinha, em parceria com o Instituto de Vania Meneses, e contou com a&#8230;<\/p>\n","protected":false},"author":1,"featured_media":0,"comment_status":"open","ping_status":"open","sticky":false,"template":"","format":"standard","meta":{"footnotes":""},"categories":[8],"tags":[5],"_links":{"self":[{"href":"http:\/\/www.muricionline.com.br\/novo\/index.php?rest_route=\/wp\/v2\/posts\/88"}],"collection":[{"href":"http:\/\/www.muricionline.com.br\/novo\/index.php?rest_route=\/wp\/v2\/posts"}],"about":[{"href":"http:\/\/www.muricionline.com.br\/novo\/index.php?rest_route=\/wp\/v2\/types\/post"}],"author":[{"embeddable":true,"href":"http:\/\/www.muricionline.com.br\/novo\/index.php?rest_route=\/wp\/v2\/users\/1"}],"replies":[{"embeddable":true,"href":"http:\/\/www.muricionline.com.br\/novo\/index.php?rest_route=%2Fwp%2Fv2%2Fcomments&post=88"}],"version-history":[{"count":1,"href":"http:\/\/www.muricionline.com.br\/novo\/index.php?rest_route=\/wp\/v2\/posts\/88\/revisions"}],"predecessor-version":[{"id":92,"href":"http:\/\/www.muricionline.com.br\/novo\/index.php?rest_route=\/wp\/v2\/posts\/88\/revisions\/92"}],"wp:attachment":[{"href":"http:\/\/www.muricionline.com.br\/novo\/index.php?rest_route=%2Fwp%2Fv2%2Fmedia&parent=88"}],"wp:term":[{"taxonomy":"category","embeddable":true,"href":"http:\/\/www.muricionline.com.br\/novo\/index.php?rest_route=%2Fwp%2Fv2%2Fcategories&post=88"},{"taxonomy":"post_tag","embeddable":true,"href":"http:\/\/www.muricionline.com.br\/novo\/index.php?rest_route=%2Fwp%2Fv2%2Ftags&post=88"}],"curies":[{"name":"wp","href":"https:\/\/api.w.org\/{rel}","templated":true}]}}