{"id":8800,"date":"2018-06-11T08:15:27","date_gmt":"2018-06-11T11:15:27","guid":{"rendered":"http:\/\/www.muricionline.com.br\/novo\/?p=8800"},"modified":"2018-06-11T08:15:27","modified_gmt":"2018-06-11T11:15:27","slug":"em-parceria-com-o-governo-de-al-prefeitura-de-uniao-recebe-oficina-de-instrumentos-musicais","status":"publish","type":"post","link":"http:\/\/www.muricionline.com.br\/novo\/?p=8800","title":{"rendered":"Em parceria com o Governo de AL, Prefeitura de Uni\u00e3o recebe Oficina de Instrumentos Musicais"},"content":{"rendered":"<p>A Prefeitura de Uni\u00e3o dos Palmares, atrav\u00e9s da Secretaria de Cultura, recebeu a Oficina Instrumental para M\u00fasicos de Bandas. A\u00e7\u00e3o do Governo de Alagoas, por meio da Secretaria de Estado da Cultura (Secult), prop\u00f5e a interioriza\u00e7\u00e3o da m\u00fasica e o aperfei\u00e7oamento das t\u00e9cnicas instrumentais e tem como p\u00fablico-alvo m\u00fasicos, regentes, t\u00e9cnicos, produtores e gestores de bandas de m\u00fasica e fanfarras sediadas no munic\u00edpio e regi\u00e3o.<\/p>\n<p>As aulas, que s\u00e3o de capacita\u00e7\u00e3o em Teoria e Pr\u00e1tica Instrumental em clarinete, saxofone, trompa, trompete, trombone, bombardino, tuba e percuss\u00e3o, iniciaram nesse s\u00e1bado (09\/12), e continuam neste domingo (10\/06), na escola Jairo Correia.<\/p>\n<p>O prefeito Areski Freitas (Kil) e a secret\u00e1ria Dorinha Cavalcante estiveram presentes para prestigiar \u00e0s atividades, ressaltando o compromisso de Uni\u00e3o no incentivo \u00e0 arte e cultura. &#8220;\u00c9 um prazer enorme apoiar esse tipo de a\u00e7\u00e3o, sabemos do potencial que a m\u00fasica tem na vida das pessoas, \u00e9 imenso&#8221;, disse Kil.<\/p>\n<p><a href=\"http:\/\/www.muricionline.com.br\/novo\/wp-content\/uploads\/2018\/06\/IMG-20180610-WA0001.jpg\"><img loading=\"lazy\" decoding=\"async\" class=\"aligncenter size-full wp-image-8802\" src=\"http:\/\/www.muricionline.com.br\/novo\/wp-content\/uploads\/2018\/06\/IMG-20180610-WA0001.jpg\" alt=\"\" width=\"1280\" height=\"853\" srcset=\"http:\/\/www.muricionline.com.br\/novo\/wp-content\/uploads\/2018\/06\/IMG-20180610-WA0001.jpg 1280w, http:\/\/www.muricionline.com.br\/novo\/wp-content\/uploads\/2018\/06\/IMG-20180610-WA0001-300x200.jpg 300w, http:\/\/www.muricionline.com.br\/novo\/wp-content\/uploads\/2018\/06\/IMG-20180610-WA0001-768x512.jpg 768w, http:\/\/www.muricionline.com.br\/novo\/wp-content\/uploads\/2018\/06\/IMG-20180610-WA0001-1024x682.jpg 1024w\" sizes=\"(max-width: 1280px) 100vw, 1280px\" \/><\/a><\/p>\n<p>Com Assessoria&nbsp;<\/p>\n<span style=\"clear:both;display:none;\"><img src=\"http:\/\/www.muricionline.com.br\/novo\/wp-content\/plugins\/wp-spamfree\/img\/wpsf-img.php\" width=\"0\" height=\"0\" alt=\"\" style=\"border-style:none;width:0px;height:0px;display:none;\" \/><\/span>","protected":false},"excerpt":{"rendered":"<p>A Prefeitura de Uni\u00e3o dos Palmares, atrav\u00e9s da Secretaria de Cultura, recebeu a Oficina Instrumental para M\u00fasicos de Bandas. A\u00e7\u00e3o do Governo de Alagoas, por meio da Secretaria de Estado da Cultura (Secult), prop\u00f5e a interioriza\u00e7\u00e3o da m\u00fasica e o aperfei\u00e7oamento das t\u00e9cnicas instrumentais e tem como p\u00fablico-alvo m\u00fasicos, regentes, t\u00e9cnicos, produtores e gestores de&#8230;<\/p>\n","protected":false},"author":1,"featured_media":8801,"comment_status":"open","ping_status":"open","sticky":false,"template":"","format":"standard","meta":{"footnotes":""},"categories":[1],"tags":[5],"_links":{"self":[{"href":"http:\/\/www.muricionline.com.br\/novo\/index.php?rest_route=\/wp\/v2\/posts\/8800"}],"collection":[{"href":"http:\/\/www.muricionline.com.br\/novo\/index.php?rest_route=\/wp\/v2\/posts"}],"about":[{"href":"http:\/\/www.muricionline.com.br\/novo\/index.php?rest_route=\/wp\/v2\/types\/post"}],"author":[{"embeddable":true,"href":"http:\/\/www.muricionline.com.br\/novo\/index.php?rest_route=\/wp\/v2\/users\/1"}],"replies":[{"embeddable":true,"href":"http:\/\/www.muricionline.com.br\/novo\/index.php?rest_route=%2Fwp%2Fv2%2Fcomments&post=8800"}],"version-history":[{"count":1,"href":"http:\/\/www.muricionline.com.br\/novo\/index.php?rest_route=\/wp\/v2\/posts\/8800\/revisions"}],"predecessor-version":[{"id":8803,"href":"http:\/\/www.muricionline.com.br\/novo\/index.php?rest_route=\/wp\/v2\/posts\/8800\/revisions\/8803"}],"wp:featuredmedia":[{"embeddable":true,"href":"http:\/\/www.muricionline.com.br\/novo\/index.php?rest_route=\/wp\/v2\/media\/8801"}],"wp:attachment":[{"href":"http:\/\/www.muricionline.com.br\/novo\/index.php?rest_route=%2Fwp%2Fv2%2Fmedia&parent=8800"}],"wp:term":[{"taxonomy":"category","embeddable":true,"href":"http:\/\/www.muricionline.com.br\/novo\/index.php?rest_route=%2Fwp%2Fv2%2Fcategories&post=8800"},{"taxonomy":"post_tag","embeddable":true,"href":"http:\/\/www.muricionline.com.br\/novo\/index.php?rest_route=%2Fwp%2Fv2%2Ftags&post=8800"}],"curies":[{"name":"wp","href":"https:\/\/api.w.org\/{rel}","templated":true}]}}