{"id":8809,"date":"2018-06-11T17:31:18","date_gmt":"2018-06-11T20:31:18","guid":{"rendered":"http:\/\/www.muricionline.com.br\/novo\/?p=8809"},"modified":"2018-06-11T17:31:18","modified_gmt":"2018-06-11T20:31:18","slug":"em-uniao-prefeitura-beneficia-criancas-do-scfv-com-esporte-e-recreacao","status":"publish","type":"post","link":"http:\/\/www.muricionline.com.br\/novo\/?p=8809","title":{"rendered":"Em Uni\u00e3o, Prefeitura beneficia crian\u00e7as do SCFV com esporte e recrea\u00e7\u00e3o"},"content":{"rendered":"<p>A Prefeitura de Uni\u00e3o dos Palmares, atrav\u00e9s da Secretaria de Assist\u00eancia Social, levou, nesse s\u00e1bado, mais de 100 crian\u00e7as assistidas pelo Servi\u00e7o de Conviv\u00eancia e Fortalecimento de V\u00ednculos que acontecem nos CRAS do munic\u00edpio para atividades recreativas e esportivas no Gin\u00e1sio de Esportes, acompanhados pelo prefeito Areski Freitas (Kil) e a professora Isabela Moura Falc\u00e3o.<\/p>\n<p>&nbsp;<\/p>\n<p>A pr\u00e1tica esportiva \u00e9 uma grande aliada para desenvolver compet\u00eancias t\u00e9cnicas e habilidades emocionais e cognitivas de crian\u00e7as e adolescentes de qualquer faixa et\u00e1ria. \u201cO objetivo principal \u00e9 fazer com que os alunos tenham experi\u00eancia na organiza\u00e7\u00e3o de um evento deste porte e coloquem em pratica tudo que eles aprendem em sala de aula e ponham isso a disposi\u00e7\u00e3o da sociedade\u201d, disse a secret\u00e1ria Gabriela Yasmine Freitas.<\/p>\n<p>&nbsp;<\/p>\n<p>Na a\u00e7\u00e3o as crian\u00e7as participam de jogos, brincadeiras, competi\u00e7\u00f5es, tem lanche e ainda ganharam medalhas. \u201cEssa parceria \u00e9 louv\u00e1vel, a Faculdade Est\u00e1cio trouxe para nossas crian\u00e7as do Servi\u00e7o de Conviv\u00eancia um evento muito bonito, um dia de lazer pra garotada, ela sa\u00edram daqui muito contentes com as medalhas, com o que fizeram aqui e isso \u00e9 muito importante\u201d finalizou o prefeito Kil.<\/p>\n<p>&nbsp;<\/p>\n<p>Com Assessoria&nbsp;<\/p>\n<span style=\"clear:both;display:none;\"><img src=\"http:\/\/www.muricionline.com.br\/novo\/wp-content\/plugins\/wp-spamfree\/img\/wpsf-img.php\" width=\"0\" height=\"0\" alt=\"\" style=\"border-style:none;width:0px;height:0px;display:none;\" \/><\/span>","protected":false},"excerpt":{"rendered":"<p>A Prefeitura de Uni\u00e3o dos Palmares, atrav\u00e9s da Secretaria de Assist\u00eancia Social, levou, nesse s\u00e1bado, mais de 100 crian\u00e7as assistidas pelo Servi\u00e7o de Conviv\u00eancia e Fortalecimento de V\u00ednculos que acontecem nos CRAS do munic\u00edpio para atividades recreativas e esportivas no Gin\u00e1sio de Esportes, acompanhados pelo prefeito Areski Freitas (Kil) e a professora Isabela Moura Falc\u00e3o&#8230;.<\/p>\n","protected":false},"author":1,"featured_media":8810,"comment_status":"open","ping_status":"open","sticky":false,"template":"","format":"standard","meta":{"footnotes":""},"categories":[1],"tags":[5],"_links":{"self":[{"href":"http:\/\/www.muricionline.com.br\/novo\/index.php?rest_route=\/wp\/v2\/posts\/8809"}],"collection":[{"href":"http:\/\/www.muricionline.com.br\/novo\/index.php?rest_route=\/wp\/v2\/posts"}],"about":[{"href":"http:\/\/www.muricionline.com.br\/novo\/index.php?rest_route=\/wp\/v2\/types\/post"}],"author":[{"embeddable":true,"href":"http:\/\/www.muricionline.com.br\/novo\/index.php?rest_route=\/wp\/v2\/users\/1"}],"replies":[{"embeddable":true,"href":"http:\/\/www.muricionline.com.br\/novo\/index.php?rest_route=%2Fwp%2Fv2%2Fcomments&post=8809"}],"version-history":[{"count":1,"href":"http:\/\/www.muricionline.com.br\/novo\/index.php?rest_route=\/wp\/v2\/posts\/8809\/revisions"}],"predecessor-version":[{"id":8811,"href":"http:\/\/www.muricionline.com.br\/novo\/index.php?rest_route=\/wp\/v2\/posts\/8809\/revisions\/8811"}],"wp:featuredmedia":[{"embeddable":true,"href":"http:\/\/www.muricionline.com.br\/novo\/index.php?rest_route=\/wp\/v2\/media\/8810"}],"wp:attachment":[{"href":"http:\/\/www.muricionline.com.br\/novo\/index.php?rest_route=%2Fwp%2Fv2%2Fmedia&parent=8809"}],"wp:term":[{"taxonomy":"category","embeddable":true,"href":"http:\/\/www.muricionline.com.br\/novo\/index.php?rest_route=%2Fwp%2Fv2%2Fcategories&post=8809"},{"taxonomy":"post_tag","embeddable":true,"href":"http:\/\/www.muricionline.com.br\/novo\/index.php?rest_route=%2Fwp%2Fv2%2Ftags&post=8809"}],"curies":[{"name":"wp","href":"https:\/\/api.w.org\/{rel}","templated":true}]}}