{"id":8812,"date":"2018-06-11T17:42:33","date_gmt":"2018-06-11T20:42:33","guid":{"rendered":"http:\/\/www.muricionline.com.br\/novo\/?p=8812"},"modified":"2018-06-11T17:42:33","modified_gmt":"2018-06-11T20:42:33","slug":"ifal-campus-murici-realiza-a-v-semana-de-agroecologia-e-agroindustria","status":"publish","type":"post","link":"http:\/\/www.muricionline.com.br\/novo\/?p=8812","title":{"rendered":"IFAL &#8211; Campus Murici realiza a V Semana de Agroecologia e Agroind\u00fastria"},"content":{"rendered":"<p>O evento ocorrer\u00e1 entre os dias 12 e 16 de junho e contar\u00e1 com oficinas, mini cursos, apresenta\u00e7\u00f5es culturais, palestras e muitos mais<\/p>\n<p>&nbsp;<\/p>\n<p>A Semana de Agroecologia e Agroind\u00fastria (SEMAGRO) est\u00e1 na sua quinta edi\u00e7\u00e3o, e este ano o evento ser\u00e1 realizado dentro da Semana do Alimento Org\u00e2nico 2018 e ocorrer\u00e1 entre os dias 12 e&nbsp;16 de junho. Al\u00e9m da SEMAGRO ocorrer\u00e1 a II Feira de Produtos Org\u00e2nicos, que contar\u00e1 com a participa\u00e7\u00e3o&nbsp;de v\u00e1rias OCs (Organiza\u00e7\u00f5es de Controle Sociais) do Estado.<\/p>\n<p>O evento contar\u00e1 com a participa\u00e7\u00e3o de v\u00e1rios profissionais das \u00e1reas de agroecologia e agroind\u00fastria, ministrando palestras, oficinas e minicursos. As inscri\u00e7\u00f5es das oficinas e mini cursos se iniciaram na \u00faltima quinta-feira e a procura foi grande logo nas primeiras horas.<\/p>\n<p>Apresenta\u00e7\u00f5es culturais (corais, dan\u00e7as populares etc) n\u00e3o faltar\u00e3o no evento e o encerramento ser\u00e1 no s\u00e1bado, 16\/06, com a festa junina no gin\u00e1sio do Campus Murici.&nbsp;<\/p>\n<p>&nbsp;<\/p>\n<p>Site oficial:&nbsp;https:\/\/www.vsemagro2018.com<\/p>\n<p>&nbsp;<\/p>\n<p>Com Assessoria<\/p>\n<p><a href=\"http:\/\/www.muricionline.com.br\/novo\/wp-content\/uploads\/2018\/06\/IMG-20180611-WA0062.jpg\"><img loading=\"lazy\" decoding=\"async\" class=\"aligncenter size-full wp-image-8813\" src=\"http:\/\/www.muricionline.com.br\/novo\/wp-content\/uploads\/2018\/06\/IMG-20180611-WA0062.jpg\" alt=\"\" width=\"1024\" height=\"1280\" srcset=\"http:\/\/www.muricionline.com.br\/novo\/wp-content\/uploads\/2018\/06\/IMG-20180611-WA0062.jpg 1024w, http:\/\/www.muricionline.com.br\/novo\/wp-content\/uploads\/2018\/06\/IMG-20180611-WA0062-240x300.jpg 240w, http:\/\/www.muricionline.com.br\/novo\/wp-content\/uploads\/2018\/06\/IMG-20180611-WA0062-768x960.jpg 768w, http:\/\/www.muricionline.com.br\/novo\/wp-content\/uploads\/2018\/06\/IMG-20180611-WA0062-819x1024.jpg 819w\" sizes=\"(max-width: 1024px) 100vw, 1024px\" \/><\/a><\/p>\n<p>&nbsp;<\/p>\n<span style=\"clear:both;display:none;\"><img src=\"http:\/\/www.muricionline.com.br\/novo\/wp-content\/plugins\/wp-spamfree\/img\/wpsf-img.php\" width=\"0\" height=\"0\" alt=\"\" style=\"border-style:none;width:0px;height:0px;display:none;\" \/><\/span>","protected":false},"excerpt":{"rendered":"<p>O evento ocorrer\u00e1 entre os dias 12 e 16 de junho e contar\u00e1 com oficinas, mini cursos, apresenta\u00e7\u00f5es culturais, palestras e muitos mais &nbsp; A Semana de Agroecologia e Agroind\u00fastria (SEMAGRO) est\u00e1 na sua quinta edi\u00e7\u00e3o, e este ano o evento ser\u00e1 realizado dentro da Semana do Alimento Org\u00e2nico 2018 e ocorrer\u00e1 entre os dias&#8230;<\/p>\n","protected":false},"author":1,"featured_media":8814,"comment_status":"open","ping_status":"open","sticky":false,"template":"","format":"standard","meta":{"footnotes":""},"categories":[1],"tags":[5],"_links":{"self":[{"href":"http:\/\/www.muricionline.com.br\/novo\/index.php?rest_route=\/wp\/v2\/posts\/8812"}],"collection":[{"href":"http:\/\/www.muricionline.com.br\/novo\/index.php?rest_route=\/wp\/v2\/posts"}],"about":[{"href":"http:\/\/www.muricionline.com.br\/novo\/index.php?rest_route=\/wp\/v2\/types\/post"}],"author":[{"embeddable":true,"href":"http:\/\/www.muricionline.com.br\/novo\/index.php?rest_route=\/wp\/v2\/users\/1"}],"replies":[{"embeddable":true,"href":"http:\/\/www.muricionline.com.br\/novo\/index.php?rest_route=%2Fwp%2Fv2%2Fcomments&post=8812"}],"version-history":[{"count":1,"href":"http:\/\/www.muricionline.com.br\/novo\/index.php?rest_route=\/wp\/v2\/posts\/8812\/revisions"}],"predecessor-version":[{"id":8815,"href":"http:\/\/www.muricionline.com.br\/novo\/index.php?rest_route=\/wp\/v2\/posts\/8812\/revisions\/8815"}],"wp:featuredmedia":[{"embeddable":true,"href":"http:\/\/www.muricionline.com.br\/novo\/index.php?rest_route=\/wp\/v2\/media\/8814"}],"wp:attachment":[{"href":"http:\/\/www.muricionline.com.br\/novo\/index.php?rest_route=%2Fwp%2Fv2%2Fmedia&parent=8812"}],"wp:term":[{"taxonomy":"category","embeddable":true,"href":"http:\/\/www.muricionline.com.br\/novo\/index.php?rest_route=%2Fwp%2Fv2%2Fcategories&post=8812"},{"taxonomy":"post_tag","embeddable":true,"href":"http:\/\/www.muricionline.com.br\/novo\/index.php?rest_route=%2Fwp%2Fv2%2Ftags&post=8812"}],"curies":[{"name":"wp","href":"https:\/\/api.w.org\/{rel}","templated":true}]}}