{"id":8816,"date":"2018-06-13T15:25:51","date_gmt":"2018-06-13T18:25:51","guid":{"rendered":"http:\/\/www.muricionline.com.br\/novo\/?p=8816"},"modified":"2018-06-13T15:25:51","modified_gmt":"2018-06-13T18:25:51","slug":"prefeitura-de-uniao-discute-acoes-de-combate-ao-trabalho-infantil-no-municipio","status":"publish","type":"post","link":"http:\/\/www.muricionline.com.br\/novo\/?p=8816","title":{"rendered":"Prefeitura de Uni\u00e3o discute a\u00e7\u00f5es de combate ao trabalho infantil no munic\u00edpio"},"content":{"rendered":"<p>No dia em que o mundo discute o combate ao trabalho infantil, membros do grupo de A\u00e7\u00f5es Estrat\u00e9gicas do Programa de Erradica\u00e7\u00e3o do Trabalho Infantil \u2013 AEPETI, se reuniram para discutir e propor a\u00e7\u00f5es pr\u00e1ticas com o objetivo de combater o trabalho infantil em Uni\u00e3o dos Palmares. O evento envolveu ainda membros da sociedade civil organizada, a secret\u00e1ria de assist\u00eancia social Gabriela Yasmine Lins e o prefeito Areski Freitas (Kil).<\/p>\n<p>\u201cEsse \u00e9 um assunto muito importante, o primeiro passo \u00e9 reconhecer essa realidade que assombra e prejudica dezenas de crian\u00e7as em nossas comunidades, fico feliz em ver que estamos trabalhando, discutindo, construindo as solu\u00e7\u00f5es para este problema. Isso \u00e9 e deve ser sempre uma prioridade\u201d comentou o prefeito Areski Freitas.<\/p>\n<p>\u201cEsse programa tem um planejamento estrat\u00e9gico, precisamos colocar em pr\u00e1tica, unindo os parceiros, unindo a sociedade, unindo o governo com foco neste objetivo, erradicar o trabalho infantil.\u201d Gabriela Yasmine Lins Freitas, Secret\u00e1ria de Assist\u00eancia Social.<\/p>\n<p>O trabalho infantil ainda \u00e9 uma realidade para milhares de pequenos brasileiros que s\u00e3o impedidos de vivenciar plenamente sua inf\u00e2ncia e de desenvolver aptid\u00f5es pr\u00f3prias a sua idade. H\u00e1 alguns anos o Brasil vem desenvolvendo estrat\u00e9gias para a revers\u00e3o deste triste quadro com resultados positivos, todavia ainda h\u00e1 muito o que se fazer at\u00e9 que essa viola\u00e7\u00e3o dos direitos de crian\u00e7as e adolescentes seja erradicada.<\/p>\n<p>A reuni\u00e3o foi convocada pela coordenadora do AEPETI no munic\u00edpio, a Assistente Social Sandra Fran\u00e7a, que pontuou os avan\u00e7os no trabalho, na realiza\u00e7\u00e3o do planejamento e no engajamento dos setores. O professor Edvaldo Lima, apresentou uma palestra sobre o AEPETI<\/p>\n<p>&nbsp;<\/p>\n<p>Com Assessoria&nbsp;<\/p>\n<span style=\"clear:both;display:none;\"><img src=\"http:\/\/www.muricionline.com.br\/novo\/wp-content\/plugins\/wp-spamfree\/img\/wpsf-img.php\" width=\"0\" height=\"0\" alt=\"\" style=\"border-style:none;width:0px;height:0px;display:none;\" \/><\/span>","protected":false},"excerpt":{"rendered":"<p>No dia em que o mundo discute o combate ao trabalho infantil, membros do grupo de A\u00e7\u00f5es Estrat\u00e9gicas do Programa de Erradica\u00e7\u00e3o do Trabalho Infantil \u2013 AEPETI, se reuniram para discutir e propor a\u00e7\u00f5es pr\u00e1ticas com o objetivo de combater o trabalho infantil em Uni\u00e3o dos Palmares. O evento envolveu ainda membros da sociedade civil&#8230;<\/p>\n","protected":false},"author":1,"featured_media":8817,"comment_status":"open","ping_status":"open","sticky":false,"template":"","format":"standard","meta":{"footnotes":""},"categories":[1],"tags":[5],"_links":{"self":[{"href":"http:\/\/www.muricionline.com.br\/novo\/index.php?rest_route=\/wp\/v2\/posts\/8816"}],"collection":[{"href":"http:\/\/www.muricionline.com.br\/novo\/index.php?rest_route=\/wp\/v2\/posts"}],"about":[{"href":"http:\/\/www.muricionline.com.br\/novo\/index.php?rest_route=\/wp\/v2\/types\/post"}],"author":[{"embeddable":true,"href":"http:\/\/www.muricionline.com.br\/novo\/index.php?rest_route=\/wp\/v2\/users\/1"}],"replies":[{"embeddable":true,"href":"http:\/\/www.muricionline.com.br\/novo\/index.php?rest_route=%2Fwp%2Fv2%2Fcomments&post=8816"}],"version-history":[{"count":1,"href":"http:\/\/www.muricionline.com.br\/novo\/index.php?rest_route=\/wp\/v2\/posts\/8816\/revisions"}],"predecessor-version":[{"id":8818,"href":"http:\/\/www.muricionline.com.br\/novo\/index.php?rest_route=\/wp\/v2\/posts\/8816\/revisions\/8818"}],"wp:featuredmedia":[{"embeddable":true,"href":"http:\/\/www.muricionline.com.br\/novo\/index.php?rest_route=\/wp\/v2\/media\/8817"}],"wp:attachment":[{"href":"http:\/\/www.muricionline.com.br\/novo\/index.php?rest_route=%2Fwp%2Fv2%2Fmedia&parent=8816"}],"wp:term":[{"taxonomy":"category","embeddable":true,"href":"http:\/\/www.muricionline.com.br\/novo\/index.php?rest_route=%2Fwp%2Fv2%2Fcategories&post=8816"},{"taxonomy":"post_tag","embeddable":true,"href":"http:\/\/www.muricionline.com.br\/novo\/index.php?rest_route=%2Fwp%2Fv2%2Ftags&post=8816"}],"curies":[{"name":"wp","href":"https:\/\/api.w.org\/{rel}","templated":true}]}}