{"id":8820,"date":"2018-06-13T15:34:15","date_gmt":"2018-06-13T18:34:15","guid":{"rendered":"http:\/\/www.muricionline.com.br\/novo\/?p=8820"},"modified":"2018-06-13T15:34:15","modified_gmt":"2018-06-13T18:34:15","slug":"educacao-de-santana-do-mundau-promovefestival-recreativo-e-de-danca-para-alunos","status":"publish","type":"post","link":"http:\/\/www.muricionline.com.br\/novo\/?p=8820","title":{"rendered":"Educa\u00e7\u00e3o de Santana do Munda\u00fa promoveFestival Recreativo e de Dan\u00e7a para alunos\u00a0"},"content":{"rendered":"<div class=\"mail-message-content collapsible zoom-normal  \">\n<div class=\"clear\">\n<div dir=\"ltr\">\n<div dir=\"ltr\">\n<div>Com uma super estrutura&nbsp;montada, a secretaria de educa\u00e7\u00e3o de Santana Munda\u00fa, em parceria com a Faculdade Est\u00e1cio, realizou, no \u00faltimo domingo (10), um grande Festival Recreativo e de Dan\u00e7a para os alunos da rede municipal de ensino. Durante todo o dia, al\u00e9m da distribui\u00e7\u00e3o de brindes, frutas e deliciosos lanches,&nbsp;as crian\u00e7as e jovens participaram de diversas brincadeiras e&nbsp;jogos interativos.&nbsp;<\/div>\n<div><a href=\"http:\/\/www.muricionline.com.br\/novo\/wp-content\/uploads\/2018\/06\/FESTIVAL-RECREATIVO-SDM-2.jpg\"><img loading=\"lazy\" decoding=\"async\" class=\"aligncenter size-full wp-image-8821\" src=\"http:\/\/www.muricionline.com.br\/novo\/wp-content\/uploads\/2018\/06\/FESTIVAL-RECREATIVO-SDM-2.jpg\" alt=\"\" width=\"960\" height=\"727\" srcset=\"http:\/\/www.muricionline.com.br\/novo\/wp-content\/uploads\/2018\/06\/FESTIVAL-RECREATIVO-SDM-2.jpg 960w, http:\/\/www.muricionline.com.br\/novo\/wp-content\/uploads\/2018\/06\/FESTIVAL-RECREATIVO-SDM-2-300x227.jpg 300w, http:\/\/www.muricionline.com.br\/novo\/wp-content\/uploads\/2018\/06\/FESTIVAL-RECREATIVO-SDM-2-768x582.jpg 768w\" sizes=\"(max-width: 960px) 100vw, 960px\" \/><\/a><\/div>\n<div>&nbsp;<\/div>\n<div>Atendendo a todos os p\u00fablicos e&nbsp;ofertando muitos momentos especiais de intera\u00e7\u00e3o e alegria, a programa\u00e7\u00e3o tamb\u00e9m contou com um super aul\u00e3o de dan\u00e7a. As atividades que mobilizaram professores, coordenadores e diretores da rede municipal, tamb\u00e9m contou com o apoio dos acad\u00eamicos de Educa\u00e7\u00e3o F\u00edsica, sob coordena\u00e7\u00e3o das professoras Isabela Falc\u00e3o e Adriane de Deus da Faculdade Est\u00e1cio.<\/div>\n<div><a href=\"http:\/\/www.muricionline.com.br\/novo\/wp-content\/uploads\/2018\/06\/FESTIVAL-RECREATIVO-SDM-1.jpg\"><img loading=\"lazy\" decoding=\"async\" class=\"aligncenter size-full wp-image-8822\" src=\"http:\/\/www.muricionline.com.br\/novo\/wp-content\/uploads\/2018\/06\/FESTIVAL-RECREATIVO-SDM-1.jpg\" alt=\"\" width=\"960\" height=\"735\" srcset=\"http:\/\/www.muricionline.com.br\/novo\/wp-content\/uploads\/2018\/06\/FESTIVAL-RECREATIVO-SDM-1.jpg 960w, http:\/\/www.muricionline.com.br\/novo\/wp-content\/uploads\/2018\/06\/FESTIVAL-RECREATIVO-SDM-1-300x230.jpg 300w, http:\/\/www.muricionline.com.br\/novo\/wp-content\/uploads\/2018\/06\/FESTIVAL-RECREATIVO-SDM-1-768x588.jpg 768w\" sizes=\"(max-width: 960px) 100vw, 960px\" \/><\/a><\/div>\n<div>&nbsp;<\/div>\n<div>Para a secret\u00e1ria Daniele M\u00e1rcia a parceria entre o munic\u00edpio e a Faculdade Est\u00e1cio&nbsp;foi um sucesso e os alunos&nbsp;deram um show de talento, trabalho em equipe e descoberta de novas habilidades.&nbsp;\u201cDurante a execu\u00e7\u00e3o das tarefas no Festival, nossos alunos tiveram oportunidade de&nbsp;aprender na pr\u00e1tica, o que realmente significa o trabalho em equipe, a organiza\u00e7\u00e3o, o esp\u00edrito de lideran\u00e7a, a consci\u00eancia social, o respeito \u00e0s diferen\u00e7as e outros conceitos discutidos constantemente no dia a dia&nbsp;das salas de aula.&nbsp;Foram momentos&nbsp;saud\u00e1veis de divers\u00e3o e aprendizado\u201d, afirmou.<\/div>\n<\/div>\n<div>&nbsp;<\/div>\n<\/div>\n<div>Com Assessoria&nbsp;<\/div>\n<\/div>\n<\/div>\n<span style=\"clear:both;display:none;\"><img src=\"http:\/\/www.muricionline.com.br\/novo\/wp-content\/plugins\/wp-spamfree\/img\/wpsf-img.php\" width=\"0\" height=\"0\" alt=\"\" style=\"border-style:none;width:0px;height:0px;display:none;\" \/><\/span>","protected":false},"excerpt":{"rendered":"<p>Com uma super estrutura&nbsp;montada, a secretaria de educa\u00e7\u00e3o de Santana Munda\u00fa, em parceria com a Faculdade Est\u00e1cio, realizou, no \u00faltimo domingo (10), um grande Festival Recreativo e de Dan\u00e7a para os alunos da rede municipal de ensino. Durante todo o dia, al\u00e9m da distribui\u00e7\u00e3o de brindes, frutas e deliciosos lanches,&nbsp;as crian\u00e7as e jovens participaram de&#8230;<\/p>\n","protected":false},"author":1,"featured_media":8823,"comment_status":"open","ping_status":"open","sticky":false,"template":"","format":"standard","meta":{"footnotes":""},"categories":[1],"tags":[5],"_links":{"self":[{"href":"http:\/\/www.muricionline.com.br\/novo\/index.php?rest_route=\/wp\/v2\/posts\/8820"}],"collection":[{"href":"http:\/\/www.muricionline.com.br\/novo\/index.php?rest_route=\/wp\/v2\/posts"}],"about":[{"href":"http:\/\/www.muricionline.com.br\/novo\/index.php?rest_route=\/wp\/v2\/types\/post"}],"author":[{"embeddable":true,"href":"http:\/\/www.muricionline.com.br\/novo\/index.php?rest_route=\/wp\/v2\/users\/1"}],"replies":[{"embeddable":true,"href":"http:\/\/www.muricionline.com.br\/novo\/index.php?rest_route=%2Fwp%2Fv2%2Fcomments&post=8820"}],"version-history":[{"count":1,"href":"http:\/\/www.muricionline.com.br\/novo\/index.php?rest_route=\/wp\/v2\/posts\/8820\/revisions"}],"predecessor-version":[{"id":8824,"href":"http:\/\/www.muricionline.com.br\/novo\/index.php?rest_route=\/wp\/v2\/posts\/8820\/revisions\/8824"}],"wp:featuredmedia":[{"embeddable":true,"href":"http:\/\/www.muricionline.com.br\/novo\/index.php?rest_route=\/wp\/v2\/media\/8823"}],"wp:attachment":[{"href":"http:\/\/www.muricionline.com.br\/novo\/index.php?rest_route=%2Fwp%2Fv2%2Fmedia&parent=8820"}],"wp:term":[{"taxonomy":"category","embeddable":true,"href":"http:\/\/www.muricionline.com.br\/novo\/index.php?rest_route=%2Fwp%2Fv2%2Fcategories&post=8820"},{"taxonomy":"post_tag","embeddable":true,"href":"http:\/\/www.muricionline.com.br\/novo\/index.php?rest_route=%2Fwp%2Fv2%2Ftags&post=8820"}],"curies":[{"name":"wp","href":"https:\/\/api.w.org\/{rel}","templated":true}]}}