{"id":8825,"date":"2018-06-13T15:44:42","date_gmt":"2018-06-13T18:44:42","guid":{"rendered":"http:\/\/www.muricionline.com.br\/novo\/?p=8825"},"modified":"2018-06-13T15:44:42","modified_gmt":"2018-06-13T18:44:42","slug":"mobilizados-pela-prefeitura-portadores-de-glaucoma-passam-por-reavaliacao-em-uniao-dos-palmares","status":"publish","type":"post","link":"http:\/\/www.muricionline.com.br\/novo\/?p=8825","title":{"rendered":"Mobilizados pela Prefeitura, portadores de glaucoma passam por reavalia\u00e7\u00e3o em Uni\u00e3o dos Palmares"},"content":{"rendered":"<p>A Prefeitura de Uni\u00e3o dos Palmares continua mobilizando pacientes portadores de glaucoma para o procedimento de reavalia\u00e7\u00e3o. Cerca de 700 pacientes est\u00e3o sendo atendidos nesta segunda etapa.<\/p>\n<p>O p\u00fablico em quest\u00e3o, desta quarta-feira (13\/06), fez o recadastramento para tratamento nas unidades do Alto do Cruzeiro, da Vaquejada, do posto Francisco e Nelson e da Aboli\u00e7\u00e3o. J\u00e1 nesta quinta (14\/06), ser\u00e3o os pacientes das unidades de Rocha Cavalcante, V\u00e1rzea Grande, Nova Esperan\u00e7a, Newton Pereira, Teresa Romana, Santa Maria Madalena, Santa F\u00e9, Padre Donald, Laginha e Sagrada Fam\u00edlia.<\/p>\n<p>Os pacientes que fazem tratamento no IOFAL de Macei\u00f3 ser\u00e3o convocados pela capital para esta reavalia\u00e7\u00e3o. A secret\u00e1ria Geany Vergeth acompanhou os procedimentos.<\/p>\n<p>Saiba mais sobre o Glaucoma<\/p>\n<p>A neuropatia \u00f3ptica caracterizada pela perda progressiva do campo visual, o glaucoma representa hoje 12,3% dos casos de cegueira no mundo, segundo a Organiza\u00e7\u00e3o Mundial da Sa\u00fade. No Brasil, estima-se em cerca de 1 milh\u00e3o os casos da doen\u00e7a, com incid\u00eancia de 2 e 3% na popula\u00e7\u00e3o acima de 40 anos, de acordo com dados do Conselho Brasileiro de Oftalmologia. Dos cerca de 1 milh\u00e3o de glaucomatosos, 50% ou mais n\u00e3o sabem que s\u00e3o portadores da doen\u00e7a. A estimativa \u00e9 que at\u00e9 2020 o glaucoma dever\u00e1 atingir 80 milh\u00f5es de pessoas em todo o mundo.<\/p>\n<p>Ao contr\u00e1rio do que ocorre com a catarata, a cegueira provocada pelo glaucoma \u00e9 irrevers\u00edvel \u2013 e silenciosa, pois a forma mais comum da doen\u00e7a n\u00e3o apresenta sintomas. \u201cA pessoa n\u00e3o se apercebe, a n\u00e3o ser quando j\u00e1 perdeu 90% de seu nervo \u00f3ptico\u201d, revela o oftalmologista Remo Susanna Jr., titular da disciplina de Oftalmologia do Hospital das Cl\u00ednicas da Faculdade de Medicina da USP.<\/p>\n<p>&nbsp;<\/p>\n<p>Com Assessoria&nbsp;<\/p>\n<span style=\"clear:both;display:none;\"><img src=\"http:\/\/www.muricionline.com.br\/novo\/wp-content\/plugins\/wp-spamfree\/img\/wpsf-img.php\" width=\"0\" height=\"0\" alt=\"\" style=\"border-style:none;width:0px;height:0px;display:none;\" \/><\/span>","protected":false},"excerpt":{"rendered":"<p>A Prefeitura de Uni\u00e3o dos Palmares continua mobilizando pacientes portadores de glaucoma para o procedimento de reavalia\u00e7\u00e3o. Cerca de 700 pacientes est\u00e3o sendo atendidos nesta segunda etapa. O p\u00fablico em quest\u00e3o, desta quarta-feira (13\/06), fez o recadastramento para tratamento nas unidades do Alto do Cruzeiro, da Vaquejada, do posto Francisco e Nelson e da Aboli\u00e7\u00e3o&#8230;.<\/p>\n","protected":false},"author":1,"featured_media":8826,"comment_status":"open","ping_status":"open","sticky":false,"template":"","format":"standard","meta":{"footnotes":""},"categories":[1],"tags":[5],"_links":{"self":[{"href":"http:\/\/www.muricionline.com.br\/novo\/index.php?rest_route=\/wp\/v2\/posts\/8825"}],"collection":[{"href":"http:\/\/www.muricionline.com.br\/novo\/index.php?rest_route=\/wp\/v2\/posts"}],"about":[{"href":"http:\/\/www.muricionline.com.br\/novo\/index.php?rest_route=\/wp\/v2\/types\/post"}],"author":[{"embeddable":true,"href":"http:\/\/www.muricionline.com.br\/novo\/index.php?rest_route=\/wp\/v2\/users\/1"}],"replies":[{"embeddable":true,"href":"http:\/\/www.muricionline.com.br\/novo\/index.php?rest_route=%2Fwp%2Fv2%2Fcomments&post=8825"}],"version-history":[{"count":1,"href":"http:\/\/www.muricionline.com.br\/novo\/index.php?rest_route=\/wp\/v2\/posts\/8825\/revisions"}],"predecessor-version":[{"id":8827,"href":"http:\/\/www.muricionline.com.br\/novo\/index.php?rest_route=\/wp\/v2\/posts\/8825\/revisions\/8827"}],"wp:featuredmedia":[{"embeddable":true,"href":"http:\/\/www.muricionline.com.br\/novo\/index.php?rest_route=\/wp\/v2\/media\/8826"}],"wp:attachment":[{"href":"http:\/\/www.muricionline.com.br\/novo\/index.php?rest_route=%2Fwp%2Fv2%2Fmedia&parent=8825"}],"wp:term":[{"taxonomy":"category","embeddable":true,"href":"http:\/\/www.muricionline.com.br\/novo\/index.php?rest_route=%2Fwp%2Fv2%2Fcategories&post=8825"},{"taxonomy":"post_tag","embeddable":true,"href":"http:\/\/www.muricionline.com.br\/novo\/index.php?rest_route=%2Fwp%2Fv2%2Ftags&post=8825"}],"curies":[{"name":"wp","href":"https:\/\/api.w.org\/{rel}","templated":true}]}}