{"id":8931,"date":"2018-06-28T18:06:26","date_gmt":"2018-06-28T21:06:26","guid":{"rendered":"http:\/\/www.muricionline.com.br\/novo\/?p=8931"},"modified":"2018-06-28T18:06:26","modified_gmt":"2018-06-28T21:06:26","slug":"prefeitura-de-murici-convida-para-inauguracao-de-fabrica-e-assinatura-de-ordem-de-servico","status":"publish","type":"post","link":"http:\/\/www.muricionline.com.br\/novo\/?p=8931","title":{"rendered":"Prefeitura de Murici convida para inaugura\u00e7\u00e3o de f\u00e1brica e assinatura de ordem de servi\u00e7o"},"content":{"rendered":"<p>O governador do Estado, Renan Filho, e o prefeito Olavo Neto convidam toda popula\u00e7\u00e3o muriciense para participar da agenda de a\u00e7\u00f5es no munic\u00edpio neste s\u00e1bado, dia 30 de junho, conforme programa\u00e7\u00e3o:<\/p>\n<p>&#8211; Inaugura\u00e7\u00e3o da Ind\u00fastria Energy Pr\u00e9-Moldados;<br \/>\n&#8211; Entrega da revitaliza\u00e7\u00e3o da Rodovi\u00e1ria;<br \/>\n&#8211; Assinatura da Ordem de Servi\u00e7o para pavimenta\u00e7\u00e3o asf\u00e1ltica de diversas ruas de Murici.<\/p>\n<p>A solenidade acontece a partir das 9h na Ind\u00fastria Energy, \u00e0s margens da BR 104 (em frente \u00e0 Rodovi\u00e1ria).<\/p>\n<p>&nbsp;<\/p>\n<p>Com Assessoria de Comunica\u00e7\u00e3o&nbsp;<\/p>\n<span style=\"clear:both;display:none;\"><img src=\"http:\/\/www.muricionline.com.br\/novo\/wp-content\/plugins\/wp-spamfree\/img\/wpsf-img.php\" width=\"0\" height=\"0\" alt=\"\" style=\"border-style:none;width:0px;height:0px;display:none;\" \/><\/span>","protected":false},"excerpt":{"rendered":"<p>O governador do Estado, Renan Filho, e o prefeito Olavo Neto convidam toda popula\u00e7\u00e3o muriciense para participar da agenda de a\u00e7\u00f5es no munic\u00edpio neste s\u00e1bado, dia 30 de junho, conforme programa\u00e7\u00e3o: &#8211; Inaugura\u00e7\u00e3o da Ind\u00fastria Energy Pr\u00e9-Moldados; &#8211; Entrega da revitaliza\u00e7\u00e3o da Rodovi\u00e1ria; &#8211; Assinatura da Ordem de Servi\u00e7o para pavimenta\u00e7\u00e3o asf\u00e1ltica de diversas ruas&#8230;<\/p>\n","protected":false},"author":1,"featured_media":8932,"comment_status":"open","ping_status":"open","sticky":false,"template":"","format":"standard","meta":{"footnotes":""},"categories":[7,1],"tags":[5],"_links":{"self":[{"href":"http:\/\/www.muricionline.com.br\/novo\/index.php?rest_route=\/wp\/v2\/posts\/8931"}],"collection":[{"href":"http:\/\/www.muricionline.com.br\/novo\/index.php?rest_route=\/wp\/v2\/posts"}],"about":[{"href":"http:\/\/www.muricionline.com.br\/novo\/index.php?rest_route=\/wp\/v2\/types\/post"}],"author":[{"embeddable":true,"href":"http:\/\/www.muricionline.com.br\/novo\/index.php?rest_route=\/wp\/v2\/users\/1"}],"replies":[{"embeddable":true,"href":"http:\/\/www.muricionline.com.br\/novo\/index.php?rest_route=%2Fwp%2Fv2%2Fcomments&post=8931"}],"version-history":[{"count":1,"href":"http:\/\/www.muricionline.com.br\/novo\/index.php?rest_route=\/wp\/v2\/posts\/8931\/revisions"}],"predecessor-version":[{"id":8933,"href":"http:\/\/www.muricionline.com.br\/novo\/index.php?rest_route=\/wp\/v2\/posts\/8931\/revisions\/8933"}],"wp:featuredmedia":[{"embeddable":true,"href":"http:\/\/www.muricionline.com.br\/novo\/index.php?rest_route=\/wp\/v2\/media\/8932"}],"wp:attachment":[{"href":"http:\/\/www.muricionline.com.br\/novo\/index.php?rest_route=%2Fwp%2Fv2%2Fmedia&parent=8931"}],"wp:term":[{"taxonomy":"category","embeddable":true,"href":"http:\/\/www.muricionline.com.br\/novo\/index.php?rest_route=%2Fwp%2Fv2%2Fcategories&post=8931"},{"taxonomy":"post_tag","embeddable":true,"href":"http:\/\/www.muricionline.com.br\/novo\/index.php?rest_route=%2Fwp%2Fv2%2Ftags&post=8931"}],"curies":[{"name":"wp","href":"https:\/\/api.w.org\/{rel}","templated":true}]}}