{"id":8934,"date":"2018-06-29T14:45:45","date_gmt":"2018-06-29T17:45:45","guid":{"rendered":"http:\/\/www.muricionline.com.br\/novo\/?p=8934"},"modified":"2018-06-29T14:47:59","modified_gmt":"2018-06-29T17:47:59","slug":"pro-estrada-chega-a-murici-branquinha","status":"publish","type":"post","link":"http:\/\/www.muricionline.com.br\/novo\/?p=8934","title":{"rendered":"Pr\u00f3-estrada chega a Murici e entrega vias asfaltadas em Branquinha"},"content":{"rendered":"<div class=\"itemHeader\">As a\u00e7\u00f5es do Governo do Estado se concentram, neste s\u00e1bado (30), no Vale do Munda\u00fa alagoano. As cidades de Murici, Branquinha, Uni\u00e3o dos Palmares e Santana do Munda\u00fa recebem obras de infraestrutura urbana, ambul\u00e2ncias e tratores.&nbsp;<\/div>\n<div class=\"itemBody\">\n<div class=\"itemFullText\">\n<p>&nbsp;<\/p>\n<p>\u00c0s 8h, o governador Renan Filho entrega a reforma feita na rodovi\u00e1ria de Murici, obra executada pelo Departamento de Estradas de Rodagem (DER). Na cidade, ser\u00e3o entregues, tamb\u00e9m, tratores equipados com grades aradoras e ambul\u00e2ncias aos munic\u00edpios de S\u00e3o Jos\u00e9 da Laje, Col\u00f4nia Leopoldina e Joaquim Gomes.<\/p>\n<p>&nbsp;<\/p>\n<p>As m\u00e1quinas s\u00e3o distribu\u00eddas por meio do Programa de Mecaniza\u00e7\u00e3o Agr\u00edcola do Governo do Estado e v\u00e3o ajudar no apoio ao processo produtivo, na prepara\u00e7\u00e3o de solos, tratos culturais, desde o plantio at\u00e9 a colheita. J\u00e1 as ambul\u00e2ncias integram o lote de 130 ve\u00edculos que est\u00e3o sendo distribu\u00eddos aos munic\u00edpios alagoanos, utilizados no transporte de pacientes entre unidades de sa\u00fade.<\/p>\n<p>&nbsp;<\/p>\n<p>Durante a solenidade, Uni\u00e3o dos Palmares tamb\u00e9m ser\u00e1 contemplado com um trator equipado com grade aradora e duas ambul\u00e2ncias, uma vai para o Hospital S\u00e3o Vicente de Paula e outra para o distrito de Rocha Cavalcante.<\/p>\n<p>&nbsp;<\/p>\n<p><b>Pr\u00f3-Estrada<\/b><\/p>\n<p>Ao lado do secret\u00e1rio de Transporte e Desenvolvimento Urbano, Mosart Amaral, o governador assina a ordem de servi\u00e7o para autorizar a recupera\u00e7\u00e3o asf\u00e1ltica de diversas ruas de Murici. A obra faz parte do programa Pr\u00f3-Estrada, executado pela Secretaria de Estado do Transporte e Desenvolvimento Urbano (Setrand), e vai beneficiar os cerca de 26 mil habitantes. Mais de 80 munic\u00edpios alagoanos j\u00e1 foram contemplados pelo Pr\u00f3-Estrada.<\/p>\n<p>&nbsp;<\/p>\n<p>Ainda em Murici, o governador e o secret\u00e1rio de Estado do Desenvolvimento Econ\u00f4mico e Turismo, Rafael Brito, participam da inaugura\u00e7\u00e3o da ind\u00fastria Energy Pr\u00e9-Moldados, localizada no polo industrial de Murici, bairro Pedro Ten\u00f3rio Raposo.&nbsp;Incentivada pelo Governo do Estado por meio do Prodesin, e tamb\u00e9m com recursos do Banco do Nordeste (BNB), a ind\u00fastria produzir\u00e1 instala\u00e7\u00f5es el\u00e9tricas. O investimento \u00e9 da ordem de R$ 3 milh\u00f5es e gera 200 empregos na regi\u00e3o.<\/p>\n<p>&nbsp;<\/p>\n<p>Localizada no n\u00facleo industrial de Murici, a sede possui 40 mil metros quadrados, onde ser\u00e3o produzidas estruturas pr\u00e9-moldadas de concreto como postes, cruzetas e intertravados.<\/p>\n<p>&nbsp;<\/p>\n<p>Logo depois, a partir das 9h30, o governador inaugura mais uma obra executada pelo Pr\u00f3-Estada em Alagoas, desta feita em Branquinha. A cidade teve 5,5 quil\u00f4metros de vias urbanas recuperadas.&nbsp;Al\u00e9m da nova pavimenta\u00e7\u00e3o, as vias contam com uma nova sinaliza\u00e7\u00e3o horizontal e vertical, levando mais seguran\u00e7a vi\u00e1ria aos mais de 10 mil branquinhenses. O munic\u00edpio recebe, ainda, uma ambul\u00e2ncia e um trator. Outra m\u00e1quina agr\u00edcola ser\u00e1 fornecida a uma cooperativa que re\u00fane produtores de laranja lima em Santana do Munda\u00fa.<\/p>\n<p>&nbsp;<\/p>\n<\/div>\n<p>Com Assessoria&nbsp;<\/p>\n<\/div>\n<span style=\"clear:both;display:none;\"><img src=\"http:\/\/www.muricionline.com.br\/novo\/wp-content\/plugins\/wp-spamfree\/img\/wpsf-img.php\" width=\"0\" height=\"0\" alt=\"\" style=\"border-style:none;width:0px;height:0px;display:none;\" \/><\/span>","protected":false},"excerpt":{"rendered":"<p>As a\u00e7\u00f5es do Governo do Estado se concentram, neste s\u00e1bado (30), no Vale do Munda\u00fa alagoano. As cidades de Murici, Branquinha, Uni\u00e3o dos Palmares e Santana do Munda\u00fa recebem obras de infraestrutura urbana, ambul\u00e2ncias e tratores.&nbsp; &nbsp; \u00c0s 8h, o governador Renan Filho entrega a reforma feita na rodovi\u00e1ria de Murici, obra executada pelo Departamento&#8230;<\/p>\n","protected":false},"author":1,"featured_media":8935,"comment_status":"open","ping_status":"open","sticky":false,"template":"","format":"standard","meta":{"footnotes":""},"categories":[1],"tags":[5],"_links":{"self":[{"href":"http:\/\/www.muricionline.com.br\/novo\/index.php?rest_route=\/wp\/v2\/posts\/8934"}],"collection":[{"href":"http:\/\/www.muricionline.com.br\/novo\/index.php?rest_route=\/wp\/v2\/posts"}],"about":[{"href":"http:\/\/www.muricionline.com.br\/novo\/index.php?rest_route=\/wp\/v2\/types\/post"}],"author":[{"embeddable":true,"href":"http:\/\/www.muricionline.com.br\/novo\/index.php?rest_route=\/wp\/v2\/users\/1"}],"replies":[{"embeddable":true,"href":"http:\/\/www.muricionline.com.br\/novo\/index.php?rest_route=%2Fwp%2Fv2%2Fcomments&post=8934"}],"version-history":[{"count":3,"href":"http:\/\/www.muricionline.com.br\/novo\/index.php?rest_route=\/wp\/v2\/posts\/8934\/revisions"}],"predecessor-version":[{"id":8938,"href":"http:\/\/www.muricionline.com.br\/novo\/index.php?rest_route=\/wp\/v2\/posts\/8934\/revisions\/8938"}],"wp:featuredmedia":[{"embeddable":true,"href":"http:\/\/www.muricionline.com.br\/novo\/index.php?rest_route=\/wp\/v2\/media\/8935"}],"wp:attachment":[{"href":"http:\/\/www.muricionline.com.br\/novo\/index.php?rest_route=%2Fwp%2Fv2%2Fmedia&parent=8934"}],"wp:term":[{"taxonomy":"category","embeddable":true,"href":"http:\/\/www.muricionline.com.br\/novo\/index.php?rest_route=%2Fwp%2Fv2%2Fcategories&post=8934"},{"taxonomy":"post_tag","embeddable":true,"href":"http:\/\/www.muricionline.com.br\/novo\/index.php?rest_route=%2Fwp%2Fv2%2Ftags&post=8934"}],"curies":[{"name":"wp","href":"https:\/\/api.w.org\/{rel}","templated":true}]}}