{"id":9052,"date":"2018-07-11T08:06:27","date_gmt":"2018-07-11T11:06:27","guid":{"rendered":"http:\/\/www.muricionline.com.br\/novo\/?p=9052"},"modified":"2018-07-11T08:06:27","modified_gmt":"2018-07-11T11:06:27","slug":"murici-secretaria-de-saude-confirma-data-da-segunda-etapa-do-curso-de-cuidador-de-idosos","status":"publish","type":"post","link":"http:\/\/www.muricionline.com.br\/novo\/?p=9052","title":{"rendered":"Murici: Secretaria de Sa\u00fade confirma data da segunda etapa do curso de Cuidador de Idosos"},"content":{"rendered":"<p>Acontece no pr\u00f3ximo dia 19 de julho, no Audit\u00f3rio da Prefeitura Municipal de Murici, a segunda etapa do curso de Cuidador de Idosos, voltado para estudantes, profissionais da sa\u00fade e a comunidade em geral. Entre os temas abordados durante o curso est\u00e3o os cuidados com a sa\u00fade bucal do idoso, como estimular a mem\u00f3ria e as principais doen\u00e7as do idoso.<\/p>\n<p>O conte\u00fado ser\u00e1 ministrado por especialistas do N\u00facleo Ampliado de Sa\u00fade da Fam\u00edlia (NASF) e t\u00e9cnicos da Secretaria Municipal de Sa\u00fade de Murici.<\/p>\n<p>&nbsp;<\/p>\n<p>Com Assessoria<\/p>\n<span style=\"clear:both;display:none;\"><img src=\"http:\/\/www.muricionline.com.br\/novo\/wp-content\/plugins\/wp-spamfree\/img\/wpsf-img.php\" width=\"0\" height=\"0\" alt=\"\" style=\"border-style:none;width:0px;height:0px;display:none;\" \/><\/span>","protected":false},"excerpt":{"rendered":"<p>Acontece no pr\u00f3ximo dia 19 de julho, no Audit\u00f3rio da Prefeitura Municipal de Murici, a segunda etapa do curso de Cuidador de Idosos, voltado para estudantes, profissionais da sa\u00fade e a comunidade em geral. Entre os temas abordados durante o curso est\u00e3o os cuidados com a sa\u00fade bucal do idoso, como estimular a mem\u00f3ria e&#8230;<\/p>\n","protected":false},"author":1,"featured_media":9053,"comment_status":"open","ping_status":"open","sticky":false,"template":"","format":"standard","meta":{"footnotes":""},"categories":[7,1],"tags":[5],"_links":{"self":[{"href":"http:\/\/www.muricionline.com.br\/novo\/index.php?rest_route=\/wp\/v2\/posts\/9052"}],"collection":[{"href":"http:\/\/www.muricionline.com.br\/novo\/index.php?rest_route=\/wp\/v2\/posts"}],"about":[{"href":"http:\/\/www.muricionline.com.br\/novo\/index.php?rest_route=\/wp\/v2\/types\/post"}],"author":[{"embeddable":true,"href":"http:\/\/www.muricionline.com.br\/novo\/index.php?rest_route=\/wp\/v2\/users\/1"}],"replies":[{"embeddable":true,"href":"http:\/\/www.muricionline.com.br\/novo\/index.php?rest_route=%2Fwp%2Fv2%2Fcomments&post=9052"}],"version-history":[{"count":1,"href":"http:\/\/www.muricionline.com.br\/novo\/index.php?rest_route=\/wp\/v2\/posts\/9052\/revisions"}],"predecessor-version":[{"id":9054,"href":"http:\/\/www.muricionline.com.br\/novo\/index.php?rest_route=\/wp\/v2\/posts\/9052\/revisions\/9054"}],"wp:featuredmedia":[{"embeddable":true,"href":"http:\/\/www.muricionline.com.br\/novo\/index.php?rest_route=\/wp\/v2\/media\/9053"}],"wp:attachment":[{"href":"http:\/\/www.muricionline.com.br\/novo\/index.php?rest_route=%2Fwp%2Fv2%2Fmedia&parent=9052"}],"wp:term":[{"taxonomy":"category","embeddable":true,"href":"http:\/\/www.muricionline.com.br\/novo\/index.php?rest_route=%2Fwp%2Fv2%2Fcategories&post=9052"},{"taxonomy":"post_tag","embeddable":true,"href":"http:\/\/www.muricionline.com.br\/novo\/index.php?rest_route=%2Fwp%2Fv2%2Ftags&post=9052"}],"curies":[{"name":"wp","href":"https:\/\/api.w.org\/{rel}","templated":true}]}}