{"id":9055,"date":"2018-07-11T17:44:56","date_gmt":"2018-07-11T20:44:56","guid":{"rendered":"http:\/\/www.muricionline.com.br\/novo\/?p=9055"},"modified":"2018-07-11T17:44:56","modified_gmt":"2018-07-11T20:44:56","slug":"sao-jose-da-laje-acelera-crescimento-e-se-destaca-entre-as-dez-cidades-mais-desenvolvidas-de-alagoas","status":"publish","type":"post","link":"http:\/\/www.muricionline.com.br\/novo\/?p=9055","title":{"rendered":"S\u00e3o Jos\u00e9 da Laje acelera crescimento e se destaca entre as dez cidades mais desenvolvidas de Alagoas"},"content":{"rendered":"<p>Apesar da crise nacional, munic\u00edpio \u00e9 um dos que mais evoluiu no pa\u00eds, aponta a FIRJAN.<\/p>\n<p>&nbsp;<\/p>\n<p>Um estudo divulgado pela Federa\u00e7\u00e3o da Ind\u00fastria do Rio de Janeiro (FIRJAN) revela uma evolu\u00e7\u00e3o gigantesca no desenvolvimento de S\u00e3o Jose da Laje. Em 5 anos e meio, a gest\u00e3o do Prefeito Rodrigo Valen\u00e7a conseguiu tirar o munic\u00edpio do 67\u00ba posi\u00e7\u00e3o, para a 7\u00aa posi\u00e7\u00e3o de cidade mais desenvolvida de Alagoas.<\/p>\n<p>&nbsp;<\/p>\n<p>A institui\u00e7\u00e3o FIRJAN, monitora h\u00e1 anos os 5.471 munic\u00edpios brasileiros, e aponta o desenvolvimento deles em importantes \u00e1reas como Educa\u00e7\u00e3o, Sa\u00fade, Emprego e Renda. O \u00cdndice FIRJAN de Desenvolvimento Municipal (IFDM), varia de 0 (m\u00ednimo) a 1 ponto (m\u00e1ximo) para classificar o n\u00edvel de cada localidade nas quatro categorias: baixo (de 0 a 0,4), regular (0,4 a 0,6), moderado (0,6 a 0,8), alto (0,8 a 1), ou seja quanto mais pr\u00f3ximo de 1 maior o desenvolvimento da localidade.<\/p>\n<p>&nbsp;<\/p>\n<p>Os n\u00fameros divulgados pela FIRJAN em 2012, antes da atual gest\u00e3o, mostram que S\u00e3o Jos\u00e9 da laje ocupava a 67\u00ba posi\u00e7\u00e3o de Desenvolvimento em Alagoas, em cinco anos que o jovem prefeito Rodrigo Valen\u00e7a assumiu, o munic\u00edpio lajense avan\u00e7ou e est\u00e1 entre um dos que mais cresceram positivamente no pa\u00eds, saindo do \u00edndice baixo\/regular para o \u00edndice moderado\/alto, no ranking do Estado ocupa atualmente a 7\u00ba posi\u00e7\u00e3o, a n\u00edvel nacional saiu da 4703\u00ba para 2481\u00ba se credenciando como um dos munic\u00edpios brasileiros que mais se desenvolveu nos \u00faltimos cinco anos, avan\u00e7ando a posi\u00e7\u00e3o em quase 50%.<\/p>\n<p>&nbsp;<\/p>\n<p>Os investimentos na \u00e1rea da educa\u00e7\u00e3o, com reforma nas escolas, valoriza\u00e7\u00e3o dos servidores da educa\u00e7\u00e3o, projetos pedag\u00f3gicos, constru\u00e7\u00f5es de creches e gin\u00e1sios de esportes, aumentaram positivamente os \u00edndices educacionais e fizeram com que o modelo como se trata a educa\u00e7\u00e3o em S\u00e3o Jos\u00e9 da Laje tornasse referencia para outros munic\u00edpios.<\/p>\n<p>&nbsp;<\/p>\n<p>A sa\u00fade foi um dos principais destaques do munic\u00edpio, os n\u00fameros basicamente duplicaram positivamente, se comparados ao ano de <a href=\"geo:0,0?q=2012 o \u00edndice de sa\u00fade saltou de 0 4270 para\">2012, o \u00edndice de sa\u00fade saltou de 0,4270 para<\/a> 0,71540. As reformas e aquisi\u00e7\u00f5es de equipamentos modernos nas Unidades B\u00e1sicas de Sa\u00fade, os investimentos no Centro de especialidades clinicas e no hospital, a contrata\u00e7\u00e3o de profissionais capacitados, constru\u00e7\u00f5es de academias p\u00fablicas de sa\u00fade, aquisi\u00e7\u00e3o de ambul\u00e2ncias e ve\u00edculos novos, e outros investimentos contribu\u00edram para o alavanque da sa\u00fade da cidade.<\/p>\n<p>&nbsp;<\/p>\n<p>De acordo com estudos da FIRJAN at\u00e9 no quesito Emprego e Renda o munic\u00edpio apresentou bons n\u00fameros, com as contas e os sal\u00e1rios em dia, o dinheiro circulando na cidade, reformas e constru\u00e7\u00f5es, aumentaram a contrata\u00e7\u00e3o de m\u00e3o de obra, e ajudaram a impulsionar a economia de S\u00e3o Jos\u00e9 da Laje. Al\u00e9m dos comerciantes locais, o crescimento econ\u00f4mico da cidade, est\u00e1 atraindo empres\u00e1rios de outras localidades, que est\u00e3o ampliando os postos de trabalho.<\/p>\n<p>&nbsp;<\/p>\n<p>\u201cCom os dados da Firjan temos mais uma comprova\u00e7\u00e3o que estamos no caminho certo, nesses cincos anos e meio avan\u00e7amos muito, mas n\u00e3o podemos esmorecer, vamos continuar trabalhando para avan\u00e7armos ainda mais\u201d. Comentou o prefeito Rodrigo Valen\u00e7a.<\/p>\n<p>&nbsp;<\/p>\n<p>Por SECOM \/ S\u00e3o Jos\u00e9 da Laje\/AL<\/p>\n<span style=\"clear:both;display:none;\"><img src=\"http:\/\/www.muricionline.com.br\/novo\/wp-content\/plugins\/wp-spamfree\/img\/wpsf-img.php\" width=\"0\" height=\"0\" alt=\"\" style=\"border-style:none;width:0px;height:0px;display:none;\" \/><\/span>","protected":false},"excerpt":{"rendered":"<p>Apesar da crise nacional, munic\u00edpio \u00e9 um dos que mais evoluiu no pa\u00eds, aponta a FIRJAN. &nbsp; Um estudo divulgado pela Federa\u00e7\u00e3o da Ind\u00fastria do Rio de Janeiro (FIRJAN) revela uma evolu\u00e7\u00e3o gigantesca no desenvolvimento de S\u00e3o Jose da Laje. Em 5 anos e meio, a gest\u00e3o do Prefeito Rodrigo Valen\u00e7a conseguiu tirar o munic\u00edpio&#8230;<\/p>\n","protected":false},"author":1,"featured_media":0,"comment_status":"open","ping_status":"open","sticky":false,"template":"","format":"standard","meta":{"footnotes":""},"categories":[1],"tags":[5],"_links":{"self":[{"href":"http:\/\/www.muricionline.com.br\/novo\/index.php?rest_route=\/wp\/v2\/posts\/9055"}],"collection":[{"href":"http:\/\/www.muricionline.com.br\/novo\/index.php?rest_route=\/wp\/v2\/posts"}],"about":[{"href":"http:\/\/www.muricionline.com.br\/novo\/index.php?rest_route=\/wp\/v2\/types\/post"}],"author":[{"embeddable":true,"href":"http:\/\/www.muricionline.com.br\/novo\/index.php?rest_route=\/wp\/v2\/users\/1"}],"replies":[{"embeddable":true,"href":"http:\/\/www.muricionline.com.br\/novo\/index.php?rest_route=%2Fwp%2Fv2%2Fcomments&post=9055"}],"version-history":[{"count":1,"href":"http:\/\/www.muricionline.com.br\/novo\/index.php?rest_route=\/wp\/v2\/posts\/9055\/revisions"}],"predecessor-version":[{"id":9057,"href":"http:\/\/www.muricionline.com.br\/novo\/index.php?rest_route=\/wp\/v2\/posts\/9055\/revisions\/9057"}],"wp:attachment":[{"href":"http:\/\/www.muricionline.com.br\/novo\/index.php?rest_route=%2Fwp%2Fv2%2Fmedia&parent=9055"}],"wp:term":[{"taxonomy":"category","embeddable":true,"href":"http:\/\/www.muricionline.com.br\/novo\/index.php?rest_route=%2Fwp%2Fv2%2Fcategories&post=9055"},{"taxonomy":"post_tag","embeddable":true,"href":"http:\/\/www.muricionline.com.br\/novo\/index.php?rest_route=%2Fwp%2Fv2%2Ftags&post=9055"}],"curies":[{"name":"wp","href":"https:\/\/api.w.org\/{rel}","templated":true}]}}