{"id":9070,"date":"2018-07-12T20:45:54","date_gmt":"2018-07-12T23:45:54","guid":{"rendered":"http:\/\/www.muricionline.com.br\/novo\/?p=9070"},"modified":"2018-07-12T21:37:57","modified_gmt":"2018-07-13T00:37:57","slug":"9070","status":"publish","type":"post","link":"http:\/\/www.muricionline.com.br\/novo\/?p=9070","title":{"rendered":"Delegado de Murici \u00e9 transferido para o Deic e o de Atalaia vai para a Regional de Arapiraca"},"content":{"rendered":"<p><strong>O Delegado Igor Diego Vilela, ex-delegado de S\u00e3o Jos\u00e9 da Laje vai assumir<\/strong>&nbsp;a Regional de Arapiraca al\u00e9m de mais tr\u00eas munic\u00edpios da regi\u00e3o Agreste.&nbsp;&nbsp;Natural de Caruaru ele tem se destacado pela sua desenvoltura a frente das delegacias em que atuou, pelo seu&nbsp;reconhecido trabalho juntamente com sua equipe de policiais civis. Esta semana, ele&nbsp;foi designado agora para assumir o camando da segunda maior cidade do estado, Arapiraca.&nbsp;<\/p>\n<p>Igor Diego passou pelas delegacias de S\u00e3o Jos\u00e9 da Laje, Ibateguara, Murici e Atalaia era o delegado daquele munic\u00edpio. Sempre com o intuito de combater e diminuir a criminalidade ele teve&nbsp;grande empenho&nbsp;principalmente contra o tr\u00e1fico de drogas e na elucida\u00e7\u00e3o de homic\u00eddios.<\/p>\n<p>Por outro lado quem est\u00e1 deixando a delegaciaa municipal&nbsp;de Murici \u00e9 o delegado&nbsp;<strong>Caio Rodrigues<\/strong>, que desvendou v\u00e1rios crimes no munic\u00edpio al\u00e9m de ter travado combate contra os criminosos e traficantes da regi\u00e3o. Caio Rodrigues ser\u00e1 substitu\u00eddo pelo colega de nome<strong>&nbsp;Gustavo<\/strong>.<\/p>\n<p>O ex-delegado de Murici passa a responder pelo Deic ,onde assumir\u00e1 o n\u00facleo de combate \u00e0<strong>&nbsp;assaltos&nbsp; a bancos em Alagoas<\/strong>.<\/p>\n<p>&nbsp;<\/p>\n<p>Com assessoria<\/p>\n<span style=\"clear:both;display:none;\"><img src=\"http:\/\/www.muricionline.com.br\/novo\/wp-content\/plugins\/wp-spamfree\/img\/wpsf-img.php\" width=\"0\" height=\"0\" alt=\"\" style=\"border-style:none;width:0px;height:0px;display:none;\" \/><\/span>","protected":false},"excerpt":{"rendered":"<p>O Delegado Igor Diego Vilela, ex-delegado de S\u00e3o Jos\u00e9 da Laje vai assumir&nbsp;a Regional de Arapiraca al\u00e9m de mais tr\u00eas munic\u00edpios da regi\u00e3o Agreste.&nbsp;&nbsp;Natural de Caruaru ele tem se destacado pela sua desenvoltura a frente das delegacias em que atuou, pelo seu&nbsp;reconhecido trabalho juntamente com sua equipe de policiais civis. Esta semana, ele&nbsp;foi designado agora&#8230;<\/p>\n","protected":false},"author":1,"featured_media":9073,"comment_status":"open","ping_status":"open","sticky":false,"template":"","format":"standard","meta":{"footnotes":""},"categories":[1],"tags":[5],"_links":{"self":[{"href":"http:\/\/www.muricionline.com.br\/novo\/index.php?rest_route=\/wp\/v2\/posts\/9070"}],"collection":[{"href":"http:\/\/www.muricionline.com.br\/novo\/index.php?rest_route=\/wp\/v2\/posts"}],"about":[{"href":"http:\/\/www.muricionline.com.br\/novo\/index.php?rest_route=\/wp\/v2\/types\/post"}],"author":[{"embeddable":true,"href":"http:\/\/www.muricionline.com.br\/novo\/index.php?rest_route=\/wp\/v2\/users\/1"}],"replies":[{"embeddable":true,"href":"http:\/\/www.muricionline.com.br\/novo\/index.php?rest_route=%2Fwp%2Fv2%2Fcomments&post=9070"}],"version-history":[{"count":2,"href":"http:\/\/www.muricionline.com.br\/novo\/index.php?rest_route=\/wp\/v2\/posts\/9070\/revisions"}],"predecessor-version":[{"id":9072,"href":"http:\/\/www.muricionline.com.br\/novo\/index.php?rest_route=\/wp\/v2\/posts\/9070\/revisions\/9072"}],"wp:featuredmedia":[{"embeddable":true,"href":"http:\/\/www.muricionline.com.br\/novo\/index.php?rest_route=\/wp\/v2\/media\/9073"}],"wp:attachment":[{"href":"http:\/\/www.muricionline.com.br\/novo\/index.php?rest_route=%2Fwp%2Fv2%2Fmedia&parent=9070"}],"wp:term":[{"taxonomy":"category","embeddable":true,"href":"http:\/\/www.muricionline.com.br\/novo\/index.php?rest_route=%2Fwp%2Fv2%2Fcategories&post=9070"},{"taxonomy":"post_tag","embeddable":true,"href":"http:\/\/www.muricionline.com.br\/novo\/index.php?rest_route=%2Fwp%2Fv2%2Ftags&post=9070"}],"curies":[{"name":"wp","href":"https:\/\/api.w.org\/{rel}","templated":true}]}}