{"id":9074,"date":"2018-07-13T17:26:42","date_gmt":"2018-07-13T20:26:42","guid":{"rendered":"http:\/\/www.muricionline.com.br\/novo\/?p=9074"},"modified":"2018-07-13T17:26:42","modified_gmt":"2018-07-13T20:26:42","slug":"proporcionando-mais-conforto-aos-pacientes-prefeitura-de-uniao-inaugura-nova-sede-do-caps","status":"publish","type":"post","link":"http:\/\/www.muricionline.com.br\/novo\/?p=9074","title":{"rendered":"Proporcionando mais conforto aos pacientes, Prefeitura de Uni\u00e3o inaugura nova sede do CAPS"},"content":{"rendered":"<p>S\u00e3o quase 200 pacientes contemplados. Tido pelo Estado como refer\u00eancia na qualidade do atendimento, o munic\u00edpio deve ganhar em breve um novo CAPS, para ajudar usu\u00e1rios dependentes de \u00e1lcool e drogas.<\/p>\n<p>Os pacientes assistidos pelo Centro de Aten\u00e7\u00e3o Psicossocial (CAPS) de Uni\u00e3o dos Palmares agora contam com uma nova sede da institui\u00e7\u00e3o, localizada na rua Correia de Oliveira, ao lado da escola estadual Rocha Cavalcante. S\u00e3o cerca de doze acomoda\u00e7\u00f5es e \u00e1reas de servi\u00e7os mais amplas que permitir\u00e3o mais comodidade aos usu\u00e1rios deste servi\u00e7o p\u00fablico que atende quase 200 pessoas no munic\u00edpio.<\/p>\n<p>O CAPS trabalha o conv\u00edvio dos pacientes com o acolhimento dos familiares e do grupo terap\u00eautico, al\u00e9m oferecer atividades ocupacionais como oficinas de artesanto e pintura, incentivo ao esporte com o futebol e \u00e0 arte com a realiza\u00e7\u00e3o de sess\u00f5es de cinema. Em sua estrutura t\u00e9cnica, disp\u00f5es de profissionais para acompanhamento como m\u00e9dicos, psiquiatras, nutricionistas, enfermeiros, educadores f\u00edsicos e assistentes sociais, contando tamb\u00e9m com o apoio de volunt\u00e1rios.<\/p>\n<p>\u201cNo CAPS eu me sinto t\u00e3o bem que muitas vezes at\u00e9 prefiro estar aqui do que em casa. Somos acolhidos sempre com muito carinho e aten\u00e7\u00e3o. \u00c9 uma fam\u00edlia\u201d, relata o paciente Marcelo.<\/p>\n<p>Novo CAPS vindo a\u00ed<br \/>\nA repercuss\u00e3o positiva do trabalho desenvolvido em Uni\u00e3o atraiu o interesse do Governo do Estado em implantar um novo CAPS para usu\u00e1rios dependentes de \u00e1lcool e drogas, que fez o convite h\u00e1 h\u00e1 cerca de dois meses. De acordo com a secret\u00e1ria de sa\u00fade, Geany Vergeth, o prefeito Areski Freitas (Kil) j\u00e1 sinalizou positivamente para que o processo de abertura do novo CAPS se inicie. \u201cSomos refer\u00eancia da terceira regi\u00e3o em todo o estado, nosso atendimento \u00e9 de muita qualidade e, principalmente, muito amor e carinho com nossos pacientes\u201d, disse Geany.<\/p>\n<p>Mobiliza\u00e7\u00e3o do Poder P\u00fablico<\/p>\n<p>A cerim\u00f4nia de inaugura\u00e7\u00e3o, nesta quinta-feira, 12, teve presen\u00e7a do prefeito Kil, da secret\u00e1ria Geany, do diretor Ricardo Vital, vereadores, secret\u00e1rios e outras autoridades.<\/p>\n<p>Ainda segundo Geany, isto foi poss\u00edvel gra\u00e7as ao empenho do prefeito Kil, que, logo que soube da oportunidade de um im\u00f3vel mais confort\u00e1vel e bem localizado, tratou pessoalmente com os propriet\u00e1rios para viabilizar o local para o funcionamento do CAPS. \u201cH\u00e1 anos que o pr\u00e9dio do CAPS era nas mesmas instala\u00e7\u00f5es, nosso n\u00famero de pacientes cresceu e precis\u00e1vamos de um espa\u00e7o que estivesse pronto para suprir as necessidades deles. Estamos todos muito felizes\u201d, disse a secret\u00e1ria.<\/p>\n<p>J\u00e1 Kil destacou os avan\u00e7os que a sa\u00fade p\u00fablica de Uni\u00e3o vem tendo, como a exemplo das novas ambul\u00e2ncias para fortalecer a presta\u00e7\u00e3o de servi\u00e7o na regi\u00e3o, da reforma do Centro de Diagn\u00f3stico e Reabilita\u00e7\u00e3o F\u00edsica, da nova Unidade B\u00e1sica de Sa\u00fade que ser\u00e1 constru\u00edda no bairro Alto do Cruzeiro, do aumento de recursos para o Hospital S\u00e3o Vicente de Paula atrav\u00e9s do Provida, e outros pontos da agenda positiva.<\/p>\n<p>&nbsp;<\/p>\n<p>Com Assessoria&nbsp;<\/p>\n<span style=\"clear:both;display:none;\"><img src=\"http:\/\/www.muricionline.com.br\/novo\/wp-content\/plugins\/wp-spamfree\/img\/wpsf-img.php\" width=\"0\" height=\"0\" alt=\"\" style=\"border-style:none;width:0px;height:0px;display:none;\" \/><\/span>","protected":false},"excerpt":{"rendered":"<p>S\u00e3o quase 200 pacientes contemplados. Tido pelo Estado como refer\u00eancia na qualidade do atendimento, o munic\u00edpio deve ganhar em breve um novo CAPS, para ajudar usu\u00e1rios dependentes de \u00e1lcool e drogas. Os pacientes assistidos pelo Centro de Aten\u00e7\u00e3o Psicossocial (CAPS) de Uni\u00e3o dos Palmares agora contam com uma nova sede da institui\u00e7\u00e3o, localizada na rua&#8230;<\/p>\n","protected":false},"author":1,"featured_media":9075,"comment_status":"open","ping_status":"open","sticky":false,"template":"","format":"standard","meta":{"footnotes":""},"categories":[1],"tags":[5],"_links":{"self":[{"href":"http:\/\/www.muricionline.com.br\/novo\/index.php?rest_route=\/wp\/v2\/posts\/9074"}],"collection":[{"href":"http:\/\/www.muricionline.com.br\/novo\/index.php?rest_route=\/wp\/v2\/posts"}],"about":[{"href":"http:\/\/www.muricionline.com.br\/novo\/index.php?rest_route=\/wp\/v2\/types\/post"}],"author":[{"embeddable":true,"href":"http:\/\/www.muricionline.com.br\/novo\/index.php?rest_route=\/wp\/v2\/users\/1"}],"replies":[{"embeddable":true,"href":"http:\/\/www.muricionline.com.br\/novo\/index.php?rest_route=%2Fwp%2Fv2%2Fcomments&post=9074"}],"version-history":[{"count":1,"href":"http:\/\/www.muricionline.com.br\/novo\/index.php?rest_route=\/wp\/v2\/posts\/9074\/revisions"}],"predecessor-version":[{"id":9076,"href":"http:\/\/www.muricionline.com.br\/novo\/index.php?rest_route=\/wp\/v2\/posts\/9074\/revisions\/9076"}],"wp:featuredmedia":[{"embeddable":true,"href":"http:\/\/www.muricionline.com.br\/novo\/index.php?rest_route=\/wp\/v2\/media\/9075"}],"wp:attachment":[{"href":"http:\/\/www.muricionline.com.br\/novo\/index.php?rest_route=%2Fwp%2Fv2%2Fmedia&parent=9074"}],"wp:term":[{"taxonomy":"category","embeddable":true,"href":"http:\/\/www.muricionline.com.br\/novo\/index.php?rest_route=%2Fwp%2Fv2%2Fcategories&post=9074"},{"taxonomy":"post_tag","embeddable":true,"href":"http:\/\/www.muricionline.com.br\/novo\/index.php?rest_route=%2Fwp%2Fv2%2Ftags&post=9074"}],"curies":[{"name":"wp","href":"https:\/\/api.w.org\/{rel}","templated":true}]}}