{"id":9183,"date":"2018-07-27T10:16:31","date_gmt":"2018-07-27T13:16:31","guid":{"rendered":"http:\/\/www.muricionline.com.br\/novo\/?p=9183"},"modified":"2018-07-27T10:16:31","modified_gmt":"2018-07-27T13:16:31","slug":"rodrigo-valenca-busca-investimentos-para-sao-jose-da-laje-via-codevasf-diz-secretario","status":"publish","type":"post","link":"http:\/\/www.muricionline.com.br\/novo\/?p=9183","title":{"rendered":"Rodrigo Valen\u00e7a busca investimentos para S\u00e3o Jos\u00e9 da Laje via Codevasf, diz secret\u00e1rio"},"content":{"rendered":"<div class=\"blog-meta\"><i class=\"fa fa-clock-o\"><\/i><strong>O Vice-prefeito de S\u00e3o Jos\u00e9 da Laje, J\u00e9rciton J\u00fanior e o secret\u00e1rio municipal de Agricultura, Pecu\u00e1ria, Pesca e Aquicultura, Roger Cavalcante<\/strong>, foram recebidos na manh\u00e3 desta quarta-feira,25, na sede da Codevasf em Penedo para uma reuni\u00e3o de trabalho j\u00e1 agendada, desde que o superintendente do \u00f3rg\u00e3o, Ant\u00f4nio Nelson, esteve em visita a S\u00e3o Jos\u00e9 da Laje.<\/div>\n<p>De acordo com o secret\u00e1rio, foram apresentadas demandas da \u00e1rea agr\u00edcola do munic\u00edpio onde tiveram extrema&nbsp;receptividades nos pleitos formulados a Analista em&nbsp;Desenvolvimento Regional, Carla Pinheiro. O encontro contou com a presen\u00e7a&nbsp;do Chefe de Gabinete, Ricardo Lisboa.<\/p>\n<p>&#8220;A Codevasf definiu ser o munic\u00edpio de S\u00e3o Jos\u00e9 da Laje o primeiro a ser avaliado pelo \u00f3rg\u00e3o nas \u00e1reas de Ovinocapricultura, na Psicultura bem como a sua Agricultura Familiar que sempre foi a refer\u00eancia&nbsp;de nossa agricultura. E, assim, estaremos atendendo uma orienta\u00e7\u00e3o do prefeito Rodrigo Valen\u00e7a e do Vice, Jerciton Junior que se fez presente nesse encontro&#8221;, disse Roger Cavalcante.<\/p>\n<p>Para Ant\u00f4nio Nelson, &#8220;existe uma orienta\u00e7\u00e3o propria da Codevasf em transformar esses munic\u00edpios parceiros numa refer\u00eancia nesses setores. \u00c9 exatamente disso que tratamos com o Vice-prefeito e com o secret\u00e1rio municipal de Agricultura, o Agran\u00f4mo, Roger Cavalcante&#8221;, comentou o superintendente da Codevasf.<\/p>\n<p>De&nbsp;acordo com a Analista em Desenvolvimento Regional, Carla Pinheiro, &#8220;estaremos fazendo estudos pr\u00e1ticos em S\u00e3o Jos\u00e9 da Laje, junto a comunidade agr\u00edcola, aos homens que formentam a economia rural no munic\u00edpio, para atendermos a demanda e, as not\u00edcias s\u00e3o \u00f3timas pois j\u00e1 estaremos dando in\u00edcio a esse trabalho na semana que vem, pois as melhores a\u00e7\u00f5es de trabalho estaremos levando para S\u00e3o Jos\u00e9 da Laje, atrav\u00e9s da nossa Codesvaf que est\u00e1, digamos assim: azeitada com as solicita\u00e7\u00f5es dos governantes daquele munic\u00edpio&#8221;, finalizou.<\/p>\n<p>&nbsp;<\/p>\n<p>Com Ivan Nunes<\/p>\n<span style=\"clear:both;display:none;\"><img src=\"http:\/\/www.muricionline.com.br\/novo\/wp-content\/plugins\/wp-spamfree\/img\/wpsf-img.php\" width=\"0\" height=\"0\" alt=\"\" style=\"border-style:none;width:0px;height:0px;display:none;\" \/><\/span>","protected":false},"excerpt":{"rendered":"<p>O Vice-prefeito de S\u00e3o Jos\u00e9 da Laje, J\u00e9rciton J\u00fanior e o secret\u00e1rio municipal de Agricultura, Pecu\u00e1ria, Pesca e Aquicultura, Roger Cavalcante, foram recebidos na manh\u00e3 desta quarta-feira,25, na sede da Codevasf em Penedo para uma reuni\u00e3o de trabalho j\u00e1 agendada, desde que o superintendente do \u00f3rg\u00e3o, Ant\u00f4nio Nelson, esteve em visita a S\u00e3o Jos\u00e9 da&#8230;<\/p>\n","protected":false},"author":1,"featured_media":9184,"comment_status":"open","ping_status":"open","sticky":false,"template":"","format":"standard","meta":{"footnotes":""},"categories":[1],"tags":[5],"_links":{"self":[{"href":"http:\/\/www.muricionline.com.br\/novo\/index.php?rest_route=\/wp\/v2\/posts\/9183"}],"collection":[{"href":"http:\/\/www.muricionline.com.br\/novo\/index.php?rest_route=\/wp\/v2\/posts"}],"about":[{"href":"http:\/\/www.muricionline.com.br\/novo\/index.php?rest_route=\/wp\/v2\/types\/post"}],"author":[{"embeddable":true,"href":"http:\/\/www.muricionline.com.br\/novo\/index.php?rest_route=\/wp\/v2\/users\/1"}],"replies":[{"embeddable":true,"href":"http:\/\/www.muricionline.com.br\/novo\/index.php?rest_route=%2Fwp%2Fv2%2Fcomments&post=9183"}],"version-history":[{"count":1,"href":"http:\/\/www.muricionline.com.br\/novo\/index.php?rest_route=\/wp\/v2\/posts\/9183\/revisions"}],"predecessor-version":[{"id":9185,"href":"http:\/\/www.muricionline.com.br\/novo\/index.php?rest_route=\/wp\/v2\/posts\/9183\/revisions\/9185"}],"wp:featuredmedia":[{"embeddable":true,"href":"http:\/\/www.muricionline.com.br\/novo\/index.php?rest_route=\/wp\/v2\/media\/9184"}],"wp:attachment":[{"href":"http:\/\/www.muricionline.com.br\/novo\/index.php?rest_route=%2Fwp%2Fv2%2Fmedia&parent=9183"}],"wp:term":[{"taxonomy":"category","embeddable":true,"href":"http:\/\/www.muricionline.com.br\/novo\/index.php?rest_route=%2Fwp%2Fv2%2Fcategories&post=9183"},{"taxonomy":"post_tag","embeddable":true,"href":"http:\/\/www.muricionline.com.br\/novo\/index.php?rest_route=%2Fwp%2Fv2%2Ftags&post=9183"}],"curies":[{"name":"wp","href":"https:\/\/api.w.org\/{rel}","templated":true}]}}