{"id":9201,"date":"2018-07-29T08:54:23","date_gmt":"2018-07-29T11:54:23","guid":{"rendered":"http:\/\/www.muricionline.com.br\/novo\/?p=9201"},"modified":"2018-07-29T08:54:23","modified_gmt":"2018-07-29T11:54:23","slug":"para-modernizar-o-sistema-de-iluminacao-publica-olavo-neto-lanca-o-cidade-luz","status":"publish","type":"post","link":"http:\/\/www.muricionline.com.br\/novo\/?p=9201","title":{"rendered":"Para modernizar o sistema de ilumina\u00e7\u00e3o p\u00fablica: Olavo Neto lan\u00e7a o &#8220;Cidade Luz&#8221;"},"content":{"rendered":"<p>Com Assessoria<\/p>\n<p>O prefeito Olavo Neto lan\u00e7ou oficialmente na ultima sexta-feira (27) o Cidade Luz, programa de manuten\u00e7\u00e3o e moderniza\u00e7\u00e3o do sistema de ilumina\u00e7\u00e3o p\u00fablica de Murici.<\/p>\n<p><a href=\"http:\/\/www.muricionline.com.br\/novo\/wp-content\/uploads\/2018\/07\/IMG-20180728-WA0095.jpg\"><img loading=\"lazy\" decoding=\"async\" class=\"aligncenter size-full wp-image-9205\" src=\"http:\/\/www.muricionline.com.br\/novo\/wp-content\/uploads\/2018\/07\/IMG-20180728-WA0095.jpg\" alt=\"\" width=\"1280\" height=\"837\" srcset=\"http:\/\/www.muricionline.com.br\/novo\/wp-content\/uploads\/2018\/07\/IMG-20180728-WA0095.jpg 1280w, http:\/\/www.muricionline.com.br\/novo\/wp-content\/uploads\/2018\/07\/IMG-20180728-WA0095-300x196.jpg 300w, http:\/\/www.muricionline.com.br\/novo\/wp-content\/uploads\/2018\/07\/IMG-20180728-WA0095-768x502.jpg 768w, http:\/\/www.muricionline.com.br\/novo\/wp-content\/uploads\/2018\/07\/IMG-20180728-WA0095-1024x670.jpg 1024w\" sizes=\"(max-width: 1280px) 100vw, 1280px\" \/><\/a><\/p>\n<p>O lan\u00e7amento aconteceu no Conjunto Antenor Marinho de Melo I, que al\u00e9m de ter recebido revestimento asf\u00e1ltico do Pr\u00f3-Estrada, agora conta com ruas mais iluminadas, aumentando a sensa\u00e7\u00e3o de seguran\u00e7a e bem-estar entre os moradores da regi\u00e3o.<\/p>\n<p><a href=\"http:\/\/www.muricionline.com.br\/novo\/wp-content\/uploads\/2018\/07\/IMG-20180728-WA0108.jpg\"><img loading=\"lazy\" decoding=\"async\" class=\"aligncenter size-full wp-image-9207\" src=\"http:\/\/www.muricionline.com.br\/novo\/wp-content\/uploads\/2018\/07\/IMG-20180728-WA0108.jpg\" alt=\"\" width=\"1035\" height=\"657\" srcset=\"http:\/\/www.muricionline.com.br\/novo\/wp-content\/uploads\/2018\/07\/IMG-20180728-WA0108.jpg 1035w, http:\/\/www.muricionline.com.br\/novo\/wp-content\/uploads\/2018\/07\/IMG-20180728-WA0108-300x190.jpg 300w, http:\/\/www.muricionline.com.br\/novo\/wp-content\/uploads\/2018\/07\/IMG-20180728-WA0108-768x488.jpg 768w, http:\/\/www.muricionline.com.br\/novo\/wp-content\/uploads\/2018\/07\/IMG-20180728-WA0108-1024x650.jpg 1024w\" sizes=\"(max-width: 1035px) 100vw, 1035px\" \/><\/a><\/p>\n<p>O Cidade Luz seguir\u00e1 avan\u00e7ando e em breve chegar\u00e1 nos demais bairros da cidade.<\/p>\n<p>&nbsp;<\/p>\n<p>&nbsp;<\/p>\n<span style=\"clear:both;display:none;\"><img src=\"http:\/\/www.muricionline.com.br\/novo\/wp-content\/plugins\/wp-spamfree\/img\/wpsf-img.php\" width=\"0\" height=\"0\" alt=\"\" style=\"border-style:none;width:0px;height:0px;display:none;\" \/><\/span>","protected":false},"excerpt":{"rendered":"<p>Com Assessoria O prefeito Olavo Neto lan\u00e7ou oficialmente na ultima sexta-feira (27) o Cidade Luz, programa de manuten\u00e7\u00e3o e moderniza\u00e7\u00e3o do sistema de ilumina\u00e7\u00e3o p\u00fablica de Murici. O lan\u00e7amento aconteceu no Conjunto Antenor Marinho de Melo I, que al\u00e9m de ter recebido revestimento asf\u00e1ltico do Pr\u00f3-Estrada, agora conta com ruas mais iluminadas, aumentando a sensa\u00e7\u00e3o&#8230;<\/p>\n","protected":false},"author":1,"featured_media":9203,"comment_status":"open","ping_status":"open","sticky":false,"template":"","format":"standard","meta":{"footnotes":""},"categories":[8,1],"tags":[5],"_links":{"self":[{"href":"http:\/\/www.muricionline.com.br\/novo\/index.php?rest_route=\/wp\/v2\/posts\/9201"}],"collection":[{"href":"http:\/\/www.muricionline.com.br\/novo\/index.php?rest_route=\/wp\/v2\/posts"}],"about":[{"href":"http:\/\/www.muricionline.com.br\/novo\/index.php?rest_route=\/wp\/v2\/types\/post"}],"author":[{"embeddable":true,"href":"http:\/\/www.muricionline.com.br\/novo\/index.php?rest_route=\/wp\/v2\/users\/1"}],"replies":[{"embeddable":true,"href":"http:\/\/www.muricionline.com.br\/novo\/index.php?rest_route=%2Fwp%2Fv2%2Fcomments&post=9201"}],"version-history":[{"count":1,"href":"http:\/\/www.muricionline.com.br\/novo\/index.php?rest_route=\/wp\/v2\/posts\/9201\/revisions"}],"predecessor-version":[{"id":9208,"href":"http:\/\/www.muricionline.com.br\/novo\/index.php?rest_route=\/wp\/v2\/posts\/9201\/revisions\/9208"}],"wp:featuredmedia":[{"embeddable":true,"href":"http:\/\/www.muricionline.com.br\/novo\/index.php?rest_route=\/wp\/v2\/media\/9203"}],"wp:attachment":[{"href":"http:\/\/www.muricionline.com.br\/novo\/index.php?rest_route=%2Fwp%2Fv2%2Fmedia&parent=9201"}],"wp:term":[{"taxonomy":"category","embeddable":true,"href":"http:\/\/www.muricionline.com.br\/novo\/index.php?rest_route=%2Fwp%2Fv2%2Fcategories&post=9201"},{"taxonomy":"post_tag","embeddable":true,"href":"http:\/\/www.muricionline.com.br\/novo\/index.php?rest_route=%2Fwp%2Fv2%2Ftags&post=9201"}],"curies":[{"name":"wp","href":"https:\/\/api.w.org\/{rel}","templated":true}]}}