{"id":9210,"date":"2018-07-30T06:15:04","date_gmt":"2018-07-30T09:15:04","guid":{"rendered":"http:\/\/www.muricionline.com.br\/novo\/?p=9210"},"modified":"2018-07-30T06:15:04","modified_gmt":"2018-07-30T09:15:04","slug":"132-anos-de-emancipacao-rodrigo-valenca-comemora-com-avancos-em-todas-as-areas","status":"publish","type":"post","link":"http:\/\/www.muricionline.com.br\/novo\/?p=9210","title":{"rendered":"132 Anos de Emancipa\u00e7\u00e3o: Rodrigo Valen\u00e7a comemora com avan\u00e7os em todas as \u00e1reas"},"content":{"rendered":"<p>No s\u00e1bado, dia 28 de julho, o munic\u00edpio de S\u00e3o Jos\u00e9 da Laje esteve em festa nas comemora\u00e7\u00f5es alusivas aos 132 anos de Emancipa\u00e7\u00e3o Pol\u00edtica. A Gest\u00e3ocomemorou em grande estilo com toda sua equipe de secret\u00e1rios, colaboradores, vereadores e a sociedade civil, numa vasta programa\u00e7\u00e3o que come\u00e7ou desde a sexta-feira, 27, com as inaugura\u00e7\u00f5es do Centro de Aten\u00e7\u00e3o Psicossocial Dr. Mucio Ten\u00f3rio Veras e do N\u00facleo Municipal de Controle de Endemias, que ap\u00f3s d\u00e9cadas ganharam sede pr\u00f3pria, 20 e 38 anos depois, respectivamente.<\/p>\n<p><a href=\"http:\/\/www.muricionline.com.br\/novo\/wp-content\/uploads\/2018\/07\/WhatsApp-Image-2018-07-29-at-22.35.53-2.jpeg\"><img loading=\"lazy\" decoding=\"async\" class=\"aligncenter size-full wp-image-9211\" src=\"http:\/\/www.muricionline.com.br\/novo\/wp-content\/uploads\/2018\/07\/WhatsApp-Image-2018-07-29-at-22.35.53-2.jpeg\" alt=\"\" width=\"1024\" height=\"682\"><\/a><\/p>\n<p>Ainda na sa\u00fade municipal, 04 novos ve\u00edculos foram entregues, 01 L200 \u00e0 Vigil\u00e2ncia em Sa\u00fade e <a href=\"calendar:T1:03 am\">03 am<\/a>bul\u00e2ncias, duas modelo Fiat Strada e 01 modelo SAMU, est\u00e1 \u00faltima em parceria com o Governo de Alagoas. Ademais, foi assinada a Ordem de Licita\u00e7\u00e3o para constru\u00e7\u00e3o da Unidade B\u00e1sica Sa\u00fade Edmar Pereira Bezerra, avaliada em 600 mil reais, a referida UBS ser\u00e1 a segunda em funcionamento no Conjunto Armando Lyra. J\u00e1 no Conjunto Terezinha Ara\u00fajo, o prefeito Rodrigo Valen\u00e7a entregou a Unidade B\u00e1sica de Sa\u00fade Dr. Amauri Vasconcelos de Andrade, toda equipada, informatizada, com salas de especialidades m\u00e9dicas. A UBS atender\u00e1 mais de 3357 usu\u00e1rios do Sistema \u00danico de Sa\u00fade.<\/p>\n<p><a href=\"http:\/\/www.muricionline.com.br\/novo\/wp-content\/uploads\/2018\/07\/WhatsApp-Image-2018-07-29-at-22.34.37-4.jpeg\"><img loading=\"lazy\" decoding=\"async\" class=\"aligncenter size-full wp-image-9212\" src=\"http:\/\/www.muricionline.com.br\/novo\/wp-content\/uploads\/2018\/07\/WhatsApp-Image-2018-07-29-at-22.34.37-4.jpeg\" alt=\"\" width=\"1024\" height=\"682\"><\/a><br \/>\nAs 06hs da manh\u00e3 do dia 28 a cidade acordou com a tradicional\u00edssima salva de 21 tiros, e logo ap\u00f3s aconteceu o Hasteamento dos Pavilh\u00f5es acompanhado da cerim\u00f4nia de Guarda Bandeira realizada pelos atiradores do Tiro de Guerra 07-009, tendo a participa\u00e7\u00e3o da Banda de M\u00fasica Harmonia Celeste, na oportunidade um trator agr\u00edcola e uma grade aradora, foi entregue aos agricultores lajenses. As 09hs foi realizada a Missa em A\u00e7\u00e3o de Gra\u00e7as.&nbsp;<\/p>\n<p><a href=\"http:\/\/www.muricionline.com.br\/novo\/wp-content\/uploads\/2018\/07\/WhatsApp-Image-2018-07-29-at-22.34.37-13.jpeg\"><img loading=\"lazy\" decoding=\"async\" class=\"aligncenter size-full wp-image-9215\" src=\"http:\/\/www.muricionline.com.br\/novo\/wp-content\/uploads\/2018\/07\/WhatsApp-Image-2018-07-29-at-22.34.37-13.jpeg\" alt=\"\" width=\"1024\" height=\"682\"><\/a><br \/>\nA programa\u00e7\u00e3o prosseguiu com inaugura\u00e7\u00f5es do Campo de Futebol Society Manoel Bertulino Nascimento, da Pra\u00e7a Jos\u00e9 Roberto Alves Santos Gon\u00e7alves, do Gin\u00e1sio Poliesportivo Jos\u00e9 Maur\u00edcio Ferreira de Carvalho e visita na Final da Copa Rural de Futebol de Campo no Est\u00e1dio Bertulin\u00e3o. Logo mais tarde, aconteceu o VI Encontro de Fanfarras Princesa das Fronteiras na Pra\u00e7a de Eventos Valmir Amorim de Almeida J\u00fanior. Segundo a Secret\u00e1ria de Educa\u00e7\u00e3o Anna Paula Mendes, 10 (dez) Bandas Fanfarras de munic\u00edpios distintos desempenharam suas performances. Ainda na Pra\u00e7a de Eventos, shows musicais animaram a noite agradabil\u00edssima em S\u00e3o Jos\u00e9 da Laje, C\u00e9sar Salles, Caio Ba\u00eda, Leandro Ber\u00e1 e o DJ Gelle, impulsionaram os 132 anos da cidade que mais cresceu na zona da mata do Estado.<\/p>\n<p><a href=\"http:\/\/www.muricionline.com.br\/novo\/wp-content\/uploads\/2018\/07\/WhatsApp-Image-2018-07-29-at-22.34.37-11.jpeg\"><img loading=\"lazy\" decoding=\"async\" class=\"aligncenter size-full wp-image-9213\" src=\"http:\/\/www.muricionline.com.br\/novo\/wp-content\/uploads\/2018\/07\/WhatsApp-Image-2018-07-29-at-22.34.37-11.jpeg\" alt=\"\" width=\"1024\" height=\"682\"><\/a><\/p>\n<p>O munic\u00edpio tamb\u00e9m investiu no II Encontro de Futev\u00f4lei Lajense, tendo 22 duplas participantes, na III Trilha Princesa das Fronteiras, centenas de motoqueiros se aventuraram em 17,4 Km de percurso na zona rural de S\u00e3o Jos\u00e9 da Laje, j\u00e1 no XXI Encontro de Jipeiros, o qual \u00e9 tradicional\u00edssimo na zona da mata, jipeiros do nordeste brasileiro se envolveram nas atividades esportivas de aventura. Com mais de 313 jipes inscritos, o passeio OffRoad, uma trilha de aventura com 41,6 Km de percurso atraiu os participantes. No domingo (29), 10hs, aconteceu o evento indoor no S\u00edtio Lim\u00e3o, os pilotos participaram de provas na pista de obst\u00e1culos e arrancad\u00e3o. Segundo a organiza\u00e7\u00e3o, cerca de 7,2 mil pessoas acompanharam as atra\u00e7\u00f5es OffRoud at\u00e9 o final do evento.&nbsp;<\/p>\n<p><a href=\"http:\/\/www.muricionline.com.br\/novo\/wp-content\/uploads\/2018\/07\/WhatsApp-Image-2018-07-29-at-22.34.37-14.jpeg\"><img loading=\"lazy\" decoding=\"async\" class=\"aligncenter size-full wp-image-9214\" src=\"http:\/\/www.muricionline.com.br\/novo\/wp-content\/uploads\/2018\/07\/WhatsApp-Image-2018-07-29-at-22.34.37-14.jpeg\" alt=\"\" width=\"1024\" height=\"682\"><\/a><\/p>\n<p>\u201cEstamos contentes em comemorar os 132 anos que nossa cidade foi emancipada. Hoje \u00e9 um dia de festa, de democracia ao lado nosso Vice-prefeito Dr. J\u00fanior. Em seis anos de Gest\u00e3o, conseguimos tirar o munic\u00edpio da 67\u00aa posi\u00e7\u00e3o, para a 6\u00aa posi\u00e7\u00e3o de cidades mais desenvolvidas de Alagoas. Aqui o desenvolvimento \u00e9 levado a s\u00e9rio, e possamos comemorar os avan\u00e7os e as conquistas ao longo de todo este tempo\u201d, disse entusiasmado Rodrigo Valen\u00e7a, prefeito municipal.<\/p>\n<p><a href=\"http:\/\/www.muricionline.com.br\/novo\/wp-content\/uploads\/2018\/07\/WhatsApp-Image-2018-07-29-at-22.34.37-8.jpeg\"><img loading=\"lazy\" decoding=\"async\" class=\"aligncenter size-full wp-image-9217\" src=\"http:\/\/www.muricionline.com.br\/novo\/wp-content\/uploads\/2018\/07\/WhatsApp-Image-2018-07-29-at-22.34.37-8.jpeg\" alt=\"\" width=\"1024\" height=\"682\"><\/a><\/p>\n<p><a href=\"http:\/\/www.muricionline.com.br\/novo\/wp-content\/uploads\/2018\/07\/WhatsApp-Image-2018-07-29-at-22.34.37.jpeg\"><img loading=\"lazy\" decoding=\"async\" class=\"aligncenter size-full wp-image-9216\" src=\"http:\/\/www.muricionline.com.br\/novo\/wp-content\/uploads\/2018\/07\/WhatsApp-Image-2018-07-29-at-22.34.37.jpeg\" alt=\"\" width=\"1024\" height=\"768\"><\/a><\/p>\n<p><a href=\"http:\/\/www.muricionline.com.br\/novo\/wp-content\/uploads\/2018\/07\/WhatsApp-Image-2018-07-29-at-22.34.38-1.jpeg\"><img loading=\"lazy\" decoding=\"async\" class=\"aligncenter size-full wp-image-9218\" src=\"http:\/\/www.muricionline.com.br\/novo\/wp-content\/uploads\/2018\/07\/WhatsApp-Image-2018-07-29-at-22.34.38-1.jpeg\" alt=\"\" width=\"1024\" height=\"682\"><\/a><\/p>\n<p>Por SECOM &#8211; S\u00e3o Jos\u00e9 da Laje&nbsp;<\/p>\n<span style=\"clear:both;display:none;\"><img src=\"http:\/\/www.muricionline.com.br\/novo\/wp-content\/plugins\/wp-spamfree\/img\/wpsf-img.php\" width=\"0\" height=\"0\" alt=\"\" style=\"border-style:none;width:0px;height:0px;display:none;\" \/><\/span>","protected":false},"excerpt":{"rendered":"<p>No s\u00e1bado, dia 28 de julho, o munic\u00edpio de S\u00e3o Jos\u00e9 da Laje esteve em festa nas comemora\u00e7\u00f5es alusivas aos 132 anos de Emancipa\u00e7\u00e3o Pol\u00edtica. A Gest\u00e3ocomemorou em grande estilo com toda sua equipe de secret\u00e1rios, colaboradores, vereadores e a sociedade civil, numa vasta programa\u00e7\u00e3o que come\u00e7ou desde a sexta-feira, 27, com as inaugura\u00e7\u00f5es do&#8230;<\/p>\n","protected":false},"author":1,"featured_media":0,"comment_status":"open","ping_status":"open","sticky":false,"template":"","format":"standard","meta":{"footnotes":""},"categories":[1],"tags":[5],"_links":{"self":[{"href":"http:\/\/www.muricionline.com.br\/novo\/index.php?rest_route=\/wp\/v2\/posts\/9210"}],"collection":[{"href":"http:\/\/www.muricionline.com.br\/novo\/index.php?rest_route=\/wp\/v2\/posts"}],"about":[{"href":"http:\/\/www.muricionline.com.br\/novo\/index.php?rest_route=\/wp\/v2\/types\/post"}],"author":[{"embeddable":true,"href":"http:\/\/www.muricionline.com.br\/novo\/index.php?rest_route=\/wp\/v2\/users\/1"}],"replies":[{"embeddable":true,"href":"http:\/\/www.muricionline.com.br\/novo\/index.php?rest_route=%2Fwp%2Fv2%2Fcomments&post=9210"}],"version-history":[{"count":1,"href":"http:\/\/www.muricionline.com.br\/novo\/index.php?rest_route=\/wp\/v2\/posts\/9210\/revisions"}],"predecessor-version":[{"id":9220,"href":"http:\/\/www.muricionline.com.br\/novo\/index.php?rest_route=\/wp\/v2\/posts\/9210\/revisions\/9220"}],"wp:attachment":[{"href":"http:\/\/www.muricionline.com.br\/novo\/index.php?rest_route=%2Fwp%2Fv2%2Fmedia&parent=9210"}],"wp:term":[{"taxonomy":"category","embeddable":true,"href":"http:\/\/www.muricionline.com.br\/novo\/index.php?rest_route=%2Fwp%2Fv2%2Fcategories&post=9210"},{"taxonomy":"post_tag","embeddable":true,"href":"http:\/\/www.muricionline.com.br\/novo\/index.php?rest_route=%2Fwp%2Fv2%2Ftags&post=9210"}],"curies":[{"name":"wp","href":"https:\/\/api.w.org\/{rel}","templated":true}]}}