{"id":9221,"date":"2018-07-30T06:30:07","date_gmt":"2018-07-30T09:30:07","guid":{"rendered":"http:\/\/www.muricionline.com.br\/novo\/?p=9221"},"modified":"2018-07-30T06:30:07","modified_gmt":"2018-07-30T09:30:07","slug":"pt-e-pcdob-realizam-convencoes-e-anunciam-apoio-aos-calheiros","status":"publish","type":"post","link":"http:\/\/www.muricionline.com.br\/novo\/?p=9221","title":{"rendered":"PT e PCdoB realizam conven\u00e7\u00f5es e anunciam apoio aos Calheiros"},"content":{"rendered":"<header class=\"post-header\">\n<h1 class=\"the-title entry-title\">&nbsp;<\/h1>\n<\/header>\n<div class=\"content entry-content\">\n<p>Sem muita novidade na disputa por uma cadeira na C\u00e2mara Federal, o partido lan\u00e7ou Paulo Fernando dos Santos, o Paul\u00e3o.&nbsp; Para a presid\u00eancia do diret\u00f3rio estadual do partido, a candidatura de Paul\u00e3o \u00e9 a prioridade neste momento que o partido quer resgatar o legado de Lula.O&nbsp;Partido dos Trabalhadores de Alagoas (PT\/AL) anunciou neste domingo, 29, quem ir\u00e1 disputar as elei\u00e7\u00f5es deste ano pela legenda. A conven\u00e7\u00e3o do partido foi realizada hoje pela manh\u00e3 no Clube F\u00eanix e teve como destaque o apoio \u00e0s candidaturas de&nbsp;Renan Calheiros (MDB) ao senado e Renan Filho (MBD), ao governo de Alagoas.<\/p>\n<p>Ao todo 29 nomes devem representar o partido na disputa por uma vaga na Assembleia Legislativa do Estado.<\/p>\n<p><strong>PDdoB<\/strong><\/p>\n<div id=\"attachment_1170065\" class=\"wp-caption alignleft\"><span class=\"legba-credit legba-credit-attachment1170065\">PCdoB<\/span><img loading=\"lazy\" decoding=\"async\" class=\"size-medium wp-image-1170065\" src=\"http:\/\/www.alagoas24horas.com.br\/wp-content\/uploads\/2018\/07\/PCdoB-350x263.jpg\" sizes=\"(max-width: 350px) 100vw, 350px\" srcset=\"http:\/\/www.alagoas24horas.com.br\/wp-content\/uploads\/2018\/07\/PCdoB-350x263.jpg 350w, http:\/\/www.alagoas24horas.com.br\/wp-content\/uploads\/2018\/07\/PCdoB-768x576.jpg 768w, http:\/\/www.alagoas24horas.com.br\/wp-content\/uploads\/2018\/07\/PCdoB-750x563.jpg 750w, http:\/\/www.alagoas24horas.com.br\/wp-content\/uploads\/2018\/07\/PCdoB-600x450.jpg 600w, http:\/\/www.alagoas24horas.com.br\/wp-content\/uploads\/2018\/07\/PCdoB-367x275.jpg 367w, http:\/\/www.alagoas24horas.com.br\/wp-content\/uploads\/2018\/07\/PCdoB.jpg 960w\" alt=\"\" width=\"350\" height=\"263\"><\/p>\n<p class=\"wp-caption-text\">Conven\u00e7\u00e3o do PCdoB em Macei\u00f3<\/p>\n<\/div>\n<p>O Partido Comunista do Brasil (PCdoB) tamb\u00e9m realizou sua conven\u00e7\u00e3o neste domingo,&nbsp;no Clube da Engenharia de Alagoas, e anunciou apoio \u00e0 reelei\u00e7\u00e3o dos Calheiros.<\/p>\n<p>O partido definiu dez nomes para disputar a Assembleia Legislativa e dois federais:&nbsp;Robinho das Grotas e professor Mamede. As coliga\u00e7\u00f5es do PCdoB para essas elei\u00e7\u00f5es s\u00e3o o Partido Trabalhista (PT) e o Partido Verde (PV).<\/p>\n<p>&nbsp;<\/p>\n<\/div>\n<p>Com Alagoas4horas<\/p>\n<p>Fotos: Reprodu\u00e7\u00e3o (Marcio Ferreira e PCdoB)<\/p>\n<span style=\"clear:both;display:none;\"><img src=\"http:\/\/www.muricionline.com.br\/novo\/wp-content\/plugins\/wp-spamfree\/img\/wpsf-img.php\" width=\"0\" height=\"0\" alt=\"\" style=\"border-style:none;width:0px;height:0px;display:none;\" \/><\/span>","protected":false},"excerpt":{"rendered":"<p>&nbsp; Sem muita novidade na disputa por uma cadeira na C\u00e2mara Federal, o partido lan\u00e7ou Paulo Fernando dos Santos, o Paul\u00e3o.&nbsp; Para a presid\u00eancia do diret\u00f3rio estadual do partido, a candidatura de Paul\u00e3o \u00e9 a prioridade neste momento que o partido quer resgatar o legado de Lula.O&nbsp;Partido dos Trabalhadores de Alagoas (PT\/AL) anunciou neste domingo,&#8230;<\/p>\n","protected":false},"author":1,"featured_media":9222,"comment_status":"open","ping_status":"open","sticky":false,"template":"","format":"standard","meta":{"footnotes":""},"categories":[1],"tags":[5],"_links":{"self":[{"href":"http:\/\/www.muricionline.com.br\/novo\/index.php?rest_route=\/wp\/v2\/posts\/9221"}],"collection":[{"href":"http:\/\/www.muricionline.com.br\/novo\/index.php?rest_route=\/wp\/v2\/posts"}],"about":[{"href":"http:\/\/www.muricionline.com.br\/novo\/index.php?rest_route=\/wp\/v2\/types\/post"}],"author":[{"embeddable":true,"href":"http:\/\/www.muricionline.com.br\/novo\/index.php?rest_route=\/wp\/v2\/users\/1"}],"replies":[{"embeddable":true,"href":"http:\/\/www.muricionline.com.br\/novo\/index.php?rest_route=%2Fwp%2Fv2%2Fcomments&post=9221"}],"version-history":[{"count":1,"href":"http:\/\/www.muricionline.com.br\/novo\/index.php?rest_route=\/wp\/v2\/posts\/9221\/revisions"}],"predecessor-version":[{"id":9223,"href":"http:\/\/www.muricionline.com.br\/novo\/index.php?rest_route=\/wp\/v2\/posts\/9221\/revisions\/9223"}],"wp:featuredmedia":[{"embeddable":true,"href":"http:\/\/www.muricionline.com.br\/novo\/index.php?rest_route=\/wp\/v2\/media\/9222"}],"wp:attachment":[{"href":"http:\/\/www.muricionline.com.br\/novo\/index.php?rest_route=%2Fwp%2Fv2%2Fmedia&parent=9221"}],"wp:term":[{"taxonomy":"category","embeddable":true,"href":"http:\/\/www.muricionline.com.br\/novo\/index.php?rest_route=%2Fwp%2Fv2%2Fcategories&post=9221"},{"taxonomy":"post_tag","embeddable":true,"href":"http:\/\/www.muricionline.com.br\/novo\/index.php?rest_route=%2Fwp%2Fv2%2Ftags&post=9221"}],"curies":[{"name":"wp","href":"https:\/\/api.w.org\/{rel}","templated":true}]}}