{"id":9319,"date":"2018-08-13T10:28:20","date_gmt":"2018-08-13T13:28:20","guid":{"rendered":"http:\/\/www.muricionline.com.br\/novo\/?p=9319"},"modified":"2018-08-13T12:05:53","modified_gmt":"2018-08-13T15:05:53","slug":"suspeito-de-estuplo-em-pernambuco-e-preso-em-murici","status":"publish","type":"post","link":"http:\/\/www.muricionline.com.br\/novo\/?p=9319","title":{"rendered":"Suspeito de estupro em Pernambuco \u00e9 preso na feira livre de Murici"},"content":{"rendered":"<div class=\"blog-meta\">&nbsp;Numa Opera\u00e7\u00e3o exitosa envolvendo&nbsp;troca de informa\u00e7\u00f5es sigilosas entre as pol\u00edcias Militar e Civil de Pernambuco e Alagoas resultou na pris\u00e3o de&nbsp;um homem natural de Afogados da Ingazeira, na cidade de Murici, regi\u00e3o da mata alagoana.<\/div>\n<p>Segundo a Pol\u00edcia, a a\u00e7\u00e3o se deu por volta das 06h30, ap\u00f3s opera\u00e7\u00e3o conjunta entre Policiais Civis da 20\u00b0DESEC e Policiais Militares do 2\u00baBPM, onde foi dado fiel cumprimento ao mandado de pris\u00e3o expedido pela Ju\u00edza de Direito da Vara Criminal da Comarca de Afogados da Ingazeira, em desfavor da pessoa identificada por Jos\u00e9 Pedro Pereira da Silva, conhecido vulgo como \u201cD\u00e9 Relojoeio\u201d, de 58 anos, natural de Afogados da Ingazeira-PE. O acusado foi localizado e preso na feira livre da cidade de Murici-AL, onde o acusado possu\u00eda uma banca na qual comercializava rel\u00f3gios.<\/p>\n<p>\u201cD\u00e9 Relojoeio\u201d \u00e9 acusado da pr\u00e1tica de estupro de vulner\u00e1vel, ocorrido em 17 de maio de 2016, fato este de bastante repercuss\u00e3o na cidade de Afogados da Ingazeira, por se tratar de uma crian\u00e7a de 07 anos de idade.<\/p>\n<p>A Pol\u00edcia ainda informou que o imputado vinha sendo monitorado pelas equipes \u00e0 aproximadamente um m\u00eas, entre as cidades de Uni\u00e3o dos Palmares e Murici-AL.<\/p>\n<p>Ap\u00f3s a pris\u00e3o, o mesmo foi conduzido a cadeia p\u00fablica de Afogados da Ingazeira-PE.<\/p>\n<p>&nbsp;<\/p>\n<p>Fonte:<strong>guiapernambuco.com\/not\u00edcias<\/strong><\/p>\n<span style=\"clear:both;display:none;\"><img src=\"http:\/\/www.muricionline.com.br\/novo\/wp-content\/plugins\/wp-spamfree\/img\/wpsf-img.php\" width=\"0\" height=\"0\" alt=\"\" style=\"border-style:none;width:0px;height:0px;display:none;\" \/><\/span>","protected":false},"excerpt":{"rendered":"<p>&nbsp;Numa Opera\u00e7\u00e3o exitosa envolvendo&nbsp;troca de informa\u00e7\u00f5es sigilosas entre as pol\u00edcias Militar e Civil de Pernambuco e Alagoas resultou na pris\u00e3o de&nbsp;um homem natural de Afogados da Ingazeira, na cidade de Murici, regi\u00e3o da mata alagoana. Segundo a Pol\u00edcia, a a\u00e7\u00e3o se deu por volta das 06h30, ap\u00f3s opera\u00e7\u00e3o conjunta entre Policiais Civis da 20\u00b0DESEC e&#8230;<\/p>\n","protected":false},"author":1,"featured_media":9320,"comment_status":"open","ping_status":"open","sticky":false,"template":"","format":"standard","meta":{"footnotes":""},"categories":[1],"tags":[5],"_links":{"self":[{"href":"http:\/\/www.muricionline.com.br\/novo\/index.php?rest_route=\/wp\/v2\/posts\/9319"}],"collection":[{"href":"http:\/\/www.muricionline.com.br\/novo\/index.php?rest_route=\/wp\/v2\/posts"}],"about":[{"href":"http:\/\/www.muricionline.com.br\/novo\/index.php?rest_route=\/wp\/v2\/types\/post"}],"author":[{"embeddable":true,"href":"http:\/\/www.muricionline.com.br\/novo\/index.php?rest_route=\/wp\/v2\/users\/1"}],"replies":[{"embeddable":true,"href":"http:\/\/www.muricionline.com.br\/novo\/index.php?rest_route=%2Fwp%2Fv2%2Fcomments&post=9319"}],"version-history":[{"count":5,"href":"http:\/\/www.muricionline.com.br\/novo\/index.php?rest_route=\/wp\/v2\/posts\/9319\/revisions"}],"predecessor-version":[{"id":9325,"href":"http:\/\/www.muricionline.com.br\/novo\/index.php?rest_route=\/wp\/v2\/posts\/9319\/revisions\/9325"}],"wp:featuredmedia":[{"embeddable":true,"href":"http:\/\/www.muricionline.com.br\/novo\/index.php?rest_route=\/wp\/v2\/media\/9320"}],"wp:attachment":[{"href":"http:\/\/www.muricionline.com.br\/novo\/index.php?rest_route=%2Fwp%2Fv2%2Fmedia&parent=9319"}],"wp:term":[{"taxonomy":"category","embeddable":true,"href":"http:\/\/www.muricionline.com.br\/novo\/index.php?rest_route=%2Fwp%2Fv2%2Fcategories&post=9319"},{"taxonomy":"post_tag","embeddable":true,"href":"http:\/\/www.muricionline.com.br\/novo\/index.php?rest_route=%2Fwp%2Fv2%2Ftags&post=9319"}],"curies":[{"name":"wp","href":"https:\/\/api.w.org\/{rel}","templated":true}]}}