{"id":9326,"date":"2018-08-13T14:42:28","date_gmt":"2018-08-13T17:42:28","guid":{"rendered":"http:\/\/www.muricionline.com.br\/novo\/?p=9326"},"modified":"2018-08-13T14:42:28","modified_gmt":"2018-08-13T17:42:28","slug":"eleicoes-2018-nesta-semana-termina-prazo-para-registro-de-candidaturas-e-comeca-a-campanha-nas-ruas","status":"publish","type":"post","link":"http:\/\/www.muricionline.com.br\/novo\/?p=9326","title":{"rendered":"Elei\u00e7\u00f5es 2018: nesta semana termina prazo para registro de candidaturas e come\u00e7a a campanha nas ruas"},"content":{"rendered":"<p>O prazo para partidos e coliga\u00e7\u00f5es apresentarem o pedido de registro das candidaturas nas elei\u00e7\u00f5es de outubro termina na pr\u00f3xima quarta-feira (15). No dia seguinte, quinta-feira (16), come\u00e7a o per\u00edodo da campanha eleitoral nas ruas.<\/p>\n<p>As datas foram definidas pelo Tribunal Superior Eleitoral (TSE). Veja exemplos do que passa a ser permitido aos candidatos a partir da quinta-feira:<\/p>\n<p>realizar com\u00edcios;carreatas;distribuir material gr\u00e1fico;fazer propaganda na internet (desde que n\u00e3o paga).<\/p>\n<p>O hor\u00e1rio eleitoral na televis\u00e3o e no r\u00e1dio s\u00f3 come\u00e7a no fim de agosto, no dia 31.<\/p>\n<p>&nbsp;<\/p>\n<p><strong>Pr\u00f3ximas datas do calend\u00e1rio eleitoral<\/strong><\/p>\n<p>&nbsp;<\/p>\n<p><strong>Calend\u00e1rio das elei\u00e7\u00f5es<\/strong><\/p>\n<p>&nbsp;<\/p>\n<p>Data do Evento:<\/p>\n<p>15\/8 Limite para os partidos e as coliga\u00e7\u00f5es apresentarem junto \u00e0 Justi\u00e7a eleitoral o requerimento de registro de candidaturas.<\/p>\n<p>16\/8 Passa a ser permitida a realiza\u00e7\u00e3o de propaganda eleitoral, como com\u00edcios, carreatas, distribui\u00e7\u00e3o de material gr\u00e1fico e propaganda na internet (desde que n\u00e3o paga), entre outras formas.<\/p>\n<p>31\/8 In\u00edcio da propaganda eleitoral gratuita no r\u00e1dio e na televis\u00e3o.<\/p>\n<p>9\/9 A primeira parcial da presta\u00e7\u00e3o de contas deve ser enviada para a Justi\u00e7a Eleitoral.<\/p>\n<p>17\/9 A Justi\u00e7a tem at\u00e9 esta data para julgar todos os pedidos de registro de candidatos que v\u00e3o concorrer ao pleito.<\/p>\n<p>22\/9 A partir desta data, nenhum candidato pode ser detido ou preso, salvo em flagrante delito.<\/p>\n<p>2\/10 Nenhum eleitor pode ser detido ou preso a partir desta data, salvo em flagrante delito, em caso de senten\u00e7a criminal condenat\u00f3ria por crime inafian\u00e7\u00e1vel ou por desrespeito a salvo-conduto.<\/p>\n<p>4\/10 Limite para a realiza\u00e7\u00e3o de debates no r\u00e1dio e na televis\u00e3o. Tamb\u00e9m termina a propaganda pol\u00edtica feita atrav\u00e9s de com\u00edcios.<\/p>\n<p>6\/10 Data-limite para a distribui\u00e7\u00e3o de material gr\u00e1fico e promo\u00e7\u00e3o de caminhadas, carretas, passeatas ou carros de som. Tamb\u00e9m \u00e9 o \u00faltimo dia para o TSE divulgar comunicados e instru\u00e7\u00f5es ao eleitorado.<\/p>\n<p>7\/10 Primeiro turno das elei\u00e7\u00f5es.<\/p>\n<p>28\/10 Segundo turno das elei\u00e7\u00f5es.<\/p>\n<p>&nbsp;<\/p>\n<p>Fonte: G1<\/p>\n<span style=\"clear:both;display:none;\"><img src=\"http:\/\/www.muricionline.com.br\/novo\/wp-content\/plugins\/wp-spamfree\/img\/wpsf-img.php\" width=\"0\" height=\"0\" alt=\"\" style=\"border-style:none;width:0px;height:0px;display:none;\" \/><\/span>","protected":false},"excerpt":{"rendered":"<p>O prazo para partidos e coliga\u00e7\u00f5es apresentarem o pedido de registro das candidaturas nas elei\u00e7\u00f5es de outubro termina na pr\u00f3xima quarta-feira (15). No dia seguinte, quinta-feira (16), come\u00e7a o per\u00edodo da campanha eleitoral nas ruas. As datas foram definidas pelo Tribunal Superior Eleitoral (TSE). Veja exemplos do que passa a ser permitido aos candidatos a&#8230;<\/p>\n","protected":false},"author":1,"featured_media":9327,"comment_status":"open","ping_status":"open","sticky":false,"template":"","format":"standard","meta":{"footnotes":""},"categories":[1],"tags":[5],"_links":{"self":[{"href":"http:\/\/www.muricionline.com.br\/novo\/index.php?rest_route=\/wp\/v2\/posts\/9326"}],"collection":[{"href":"http:\/\/www.muricionline.com.br\/novo\/index.php?rest_route=\/wp\/v2\/posts"}],"about":[{"href":"http:\/\/www.muricionline.com.br\/novo\/index.php?rest_route=\/wp\/v2\/types\/post"}],"author":[{"embeddable":true,"href":"http:\/\/www.muricionline.com.br\/novo\/index.php?rest_route=\/wp\/v2\/users\/1"}],"replies":[{"embeddable":true,"href":"http:\/\/www.muricionline.com.br\/novo\/index.php?rest_route=%2Fwp%2Fv2%2Fcomments&post=9326"}],"version-history":[{"count":1,"href":"http:\/\/www.muricionline.com.br\/novo\/index.php?rest_route=\/wp\/v2\/posts\/9326\/revisions"}],"predecessor-version":[{"id":9328,"href":"http:\/\/www.muricionline.com.br\/novo\/index.php?rest_route=\/wp\/v2\/posts\/9326\/revisions\/9328"}],"wp:featuredmedia":[{"embeddable":true,"href":"http:\/\/www.muricionline.com.br\/novo\/index.php?rest_route=\/wp\/v2\/media\/9327"}],"wp:attachment":[{"href":"http:\/\/www.muricionline.com.br\/novo\/index.php?rest_route=%2Fwp%2Fv2%2Fmedia&parent=9326"}],"wp:term":[{"taxonomy":"category","embeddable":true,"href":"http:\/\/www.muricionline.com.br\/novo\/index.php?rest_route=%2Fwp%2Fv2%2Fcategories&post=9326"},{"taxonomy":"post_tag","embeddable":true,"href":"http:\/\/www.muricionline.com.br\/novo\/index.php?rest_route=%2Fwp%2Fv2%2Ftags&post=9326"}],"curies":[{"name":"wp","href":"https:\/\/api.w.org\/{rel}","templated":true}]}}