{"id":9329,"date":"2018-08-14T07:29:52","date_gmt":"2018-08-14T10:29:52","guid":{"rendered":"http:\/\/www.muricionline.com.br\/novo\/?p=9329"},"modified":"2018-08-14T07:29:52","modified_gmt":"2018-08-14T10:29:52","slug":"educacao-de-santana-do-mundau-celebra-dia-dos-estudantes","status":"publish","type":"post","link":"http:\/\/www.muricionline.com.br\/novo\/?p=9329","title":{"rendered":"Educa\u00e7\u00e3o de Santana do Munda\u00fa celebra Dia dos Estudantes"},"content":{"rendered":"<div class=\"row\">&nbsp;<\/div>\n<div class=\"row\">\n<div class=\"col-md-8\">\n<div class=\"post-content\">\n<article>Uma sexta-feira (10) diferente e repleta de alegria para celebrar o dia dos estudantes em Santana do Munda\u00fa. Com atividades para os pequenos na escolas, e uma programa\u00e7\u00e3o especial para os alunos do 6\u00ba ao 9\u00ba ano da rede municipal de ensino,&nbsp;o dia&nbsp;contou com&nbsp;muita m\u00fasica, DJ, distribui\u00e7\u00e3o de lanches, al\u00e9m do&nbsp;desfile do garoto e garota estudantil e&nbsp;a entrega de mimos.&nbsp;<\/p>\n<p>&nbsp;<\/p>\n<p>Por falar em mimo, a data tamb\u00e9m foi marcada por uma bela surpresa para o Professor Jos\u00e9 Macena e a aluna da Escola Monsenhor Cl\u00f3vis Duarte de&nbsp;Barros, Yasmin. \u00c9 que pela men\u00e7\u00e3o honrosa na \u00faltima Olimp\u00edada Brasileira de Matem\u00e1tica, o prefeito Arthur Freitas e a secret\u00e1ria Daniele M\u00e1rcia, os premiou, com um tablet e um notebook, respectivamente. Para a estudante, o sentimento \u00e9 de gratid\u00e3o &#8220;Eu realmente n\u00e3o esperava esse presente. S\u00f3&nbsp;tenho a&nbsp;agradecer ao prefeito, secret\u00e1ria e professores, pelo est\u00edmulo e incentivo para que todos n\u00f3s possamos ter um futuro melhor. Com certeza esse computador ir\u00e1 contribuir muito para minha evolu\u00e7\u00e3o e aprendizado&#8221;, disse emocionada.<\/p>\n<p>&nbsp;<\/p>\n<p>Para a secret\u00e1ria, a medida visa incentivar outros alunos a se dedicarem ainda mais ao aprendizado. &#8220;Al\u00e9m do pr\u00eamio entregue&nbsp;a eles, todos os outros alunos participantes da 2\u00aa fase da Olimp\u00edada&nbsp;receberam medalha e certificado, foi uma forma que encontramos de agradec\u00ea-los pelo brilhante empenho. Al\u00e9m disso, preparamos esse dia&nbsp;repleto de a\u00e7\u00f5es para envolver e unir os nossos&nbsp;estudantes, com o objetivo principal de ressaltar a import\u00e2ncia do crescimento que os estudos podem proporcionar a todos&#8221;, destacou Daniele M\u00e1rcia.&nbsp;<\/p>\n<p>&nbsp;<\/p>\n<p>Priorizando a educa\u00e7\u00e3o como um dos pilares da sua administra\u00e7\u00e3o, o prefeito Arthur Freitas&nbsp;refor\u00e7ou&nbsp;a import\u00e2ncia da&nbsp;data. &#8220;N\u00e3o podemos deixar de comemorar datas especiais como&nbsp;o dia do estudante, que s\u00e3o&nbsp;crian\u00e7as e jovens respons\u00e1veis pelo crescimento e desenvolvimento do nosso munic\u00edpio. Nossa miss\u00e3o \u00e9 incentivar, investir e proporcionar um ensino de qualidade&nbsp;para garantir um futuro melhor para todos&#8221;, disse.&nbsp;A&nbsp;festividade&nbsp;tamb\u00e9m contou com a presen\u00e7a do presidente da C\u00e2mara, vereador Alex Freire e da secret\u00e1ria de Assist\u00eancia Social, Lara Cavalcante.<\/p>\n<\/article>\n<p>&nbsp;<\/p>\n<p>Por Assessoria&nbsp;<\/p>\n<\/div>\n<\/div>\n<\/div>\n<span style=\"clear:both;display:none;\"><img src=\"http:\/\/www.muricionline.com.br\/novo\/wp-content\/plugins\/wp-spamfree\/img\/wpsf-img.php\" width=\"0\" height=\"0\" alt=\"\" style=\"border-style:none;width:0px;height:0px;display:none;\" \/><\/span>","protected":false},"excerpt":{"rendered":"<p>&nbsp; Uma sexta-feira (10) diferente e repleta de alegria para celebrar o dia dos estudantes em Santana do Munda\u00fa. Com atividades para os pequenos na escolas, e uma programa\u00e7\u00e3o especial para os alunos do 6\u00ba ao 9\u00ba ano da rede municipal de ensino,&nbsp;o dia&nbsp;contou com&nbsp;muita m\u00fasica, DJ, distribui\u00e7\u00e3o de lanches, al\u00e9m do&nbsp;desfile do garoto e&#8230;<\/p>\n","protected":false},"author":1,"featured_media":9330,"comment_status":"open","ping_status":"open","sticky":false,"template":"","format":"standard","meta":{"footnotes":""},"categories":[1],"tags":[5],"_links":{"self":[{"href":"http:\/\/www.muricionline.com.br\/novo\/index.php?rest_route=\/wp\/v2\/posts\/9329"}],"collection":[{"href":"http:\/\/www.muricionline.com.br\/novo\/index.php?rest_route=\/wp\/v2\/posts"}],"about":[{"href":"http:\/\/www.muricionline.com.br\/novo\/index.php?rest_route=\/wp\/v2\/types\/post"}],"author":[{"embeddable":true,"href":"http:\/\/www.muricionline.com.br\/novo\/index.php?rest_route=\/wp\/v2\/users\/1"}],"replies":[{"embeddable":true,"href":"http:\/\/www.muricionline.com.br\/novo\/index.php?rest_route=%2Fwp%2Fv2%2Fcomments&post=9329"}],"version-history":[{"count":1,"href":"http:\/\/www.muricionline.com.br\/novo\/index.php?rest_route=\/wp\/v2\/posts\/9329\/revisions"}],"predecessor-version":[{"id":9331,"href":"http:\/\/www.muricionline.com.br\/novo\/index.php?rest_route=\/wp\/v2\/posts\/9329\/revisions\/9331"}],"wp:featuredmedia":[{"embeddable":true,"href":"http:\/\/www.muricionline.com.br\/novo\/index.php?rest_route=\/wp\/v2\/media\/9330"}],"wp:attachment":[{"href":"http:\/\/www.muricionline.com.br\/novo\/index.php?rest_route=%2Fwp%2Fv2%2Fmedia&parent=9329"}],"wp:term":[{"taxonomy":"category","embeddable":true,"href":"http:\/\/www.muricionline.com.br\/novo\/index.php?rest_route=%2Fwp%2Fv2%2Fcategories&post=9329"},{"taxonomy":"post_tag","embeddable":true,"href":"http:\/\/www.muricionline.com.br\/novo\/index.php?rest_route=%2Fwp%2Fv2%2Ftags&post=9329"}],"curies":[{"name":"wp","href":"https:\/\/api.w.org\/{rel}","templated":true}]}}