{"id":9332,"date":"2018-08-14T08:24:19","date_gmt":"2018-08-14T11:24:19","guid":{"rendered":"http:\/\/www.muricionline.com.br\/novo\/?p=9332"},"modified":"2018-08-14T08:25:38","modified_gmt":"2018-08-14T11:25:38","slug":"ex-prefeito-confirma-preferencia-eleitoral-e-destaca-atuacao-de-renan-filho","status":"publish","type":"post","link":"http:\/\/www.muricionline.com.br\/novo\/?p=9332","title":{"rendered":"Ex-prefeito, confirma prefer\u00eancia eleitoral e destaca atua\u00e7\u00e3o de Renan Filho"},"content":{"rendered":"<p>Ex-prefeito e&nbsp;respons\u00e1vel direto pelas articula\u00e7\u00f5es pol\u00edticas da gest\u00e3o Rodrigo Valen\u00e7a, Paulo Roberto de Ara\u00fajo Neno, anunciou esta semana o que mais de 90%dos lajenses j\u00e1 sabiam sobre&nbsp;sua prefer\u00eancia eleitoral na cidade.&nbsp;<\/p>\n<p>Interlocutor entre os Poderes locais, Neno, utiliza de sua experiencia para ajudar o prefeito, Rodrigo Valen\u00e7a, para continuar no caminho pol\u00edtico-administrativo correto a cada&nbsp;dia o que resultou numa avalia\u00e7\u00e3o justa e real, tornando&nbsp;Rodrigo Valen\u00e7a num prefeito bem avaliado de Alagoas.<\/p>\n<p>Esta semana, Neno da Laje esteve&nbsp;em pal\u00e1cio ao lado do&nbsp;prefeito em&nbsp;exerc\u00edcio, J\u00e9rcito Junior, para falar com o governador Renan Filho e reafirmar o seu prop\u00f3sito pol\u00edtico que a imensa maioria dos lajeses reconhecem: apoi\u00e1-lo nas elei\u00e7\u00f5es deste ano.<\/p>\n<p><a href=\"http:\/\/www.muricionline.com.br\/novo\/wp-content\/uploads\/2018\/08\/images-18.jpeg\"><img loading=\"lazy\" decoding=\"async\" class=\"aligncenter size-full wp-image-9335\" src=\"http:\/\/www.muricionline.com.br\/novo\/wp-content\/uploads\/2018\/08\/images-18.jpeg\" alt=\"\" width=\"443\" height=\"332\" srcset=\"http:\/\/www.muricionline.com.br\/novo\/wp-content\/uploads\/2018\/08\/images-18.jpeg 443w, http:\/\/www.muricionline.com.br\/novo\/wp-content\/uploads\/2018\/08\/images-18-300x225.jpeg 300w\" sizes=\"(max-width: 443px) 100vw, 443px\" \/><\/a><\/p>\n<p>&#8220;Estivemos com o governador Renan Filho por quest\u00f5es obvias, at\u00e9 por que \u00e9 preciso at\u00e9 confirmar o obvio e reconhecer nesse \u00f3bvio o sentimento de grattid\u00e3o que poucos colocam em pr\u00e1tica. Renan Filho&nbsp;fez muito por S\u00e3o Jos\u00e9 da Laje,&nbsp;ajudou&nbsp;o povo e aos institutos de pesquisas revelarem para o Brasil que&nbsp;prefeito Rodrigo Valen\u00e7a e J\u00e9rcito Junior construiram um governo ideal revelando como dos mais importantes da Zona da Mata, disse Neno.&nbsp;<\/p>\n<p>S\u00e3o Jos\u00e9 da Laje, deixou de ser uma cidade&nbsp;fronteiri\u00e7a&nbsp;para se tornar num munic\u00edpio&nbsp;refer\u00eancia com escola, sa\u00fade e economia funcionando.&nbsp;Renan Filho deu sua participa\u00e7\u00e3o. Portanto,&nbsp;nesse encontro de jovens gestores em defesa de seus povos, de seus cidad\u00e3os \u00e9 que me posiciono politicamente nessas elei\u00e7\u00f5es, comentou Neno da Laje ao deixar o pal\u00e1cio Floriano Peixoto.<\/p>\n<p>A prefer\u00eancia do ex-prefeito \u00e9: para governador, Renan Filho, Senado da Rep\u00fablica, Biu de Lyra e Renan Calheiros; estadual, Olavo Calheiros;&nbsp;deputado federal, Artur Lyra e presid\u00eancia da Rep\u00fablica, Lula.&nbsp;<\/p>\n<p>&nbsp;<\/p>\n<p>Por Ivan Nunes<\/p>\n<span style=\"clear:both;display:none;\"><img src=\"http:\/\/www.muricionline.com.br\/novo\/wp-content\/plugins\/wp-spamfree\/img\/wpsf-img.php\" width=\"0\" height=\"0\" alt=\"\" style=\"border-style:none;width:0px;height:0px;display:none;\" \/><\/span>","protected":false},"excerpt":{"rendered":"<p>Ex-prefeito e&nbsp;respons\u00e1vel direto pelas articula\u00e7\u00f5es pol\u00edticas da gest\u00e3o Rodrigo Valen\u00e7a, Paulo Roberto de Ara\u00fajo Neno, anunciou esta semana o que mais de 90%dos lajenses j\u00e1 sabiam sobre&nbsp;sua prefer\u00eancia eleitoral na cidade.&nbsp; Interlocutor entre os Poderes locais, Neno, utiliza de sua experiencia para ajudar o prefeito, Rodrigo Valen\u00e7a, para continuar no caminho pol\u00edtico-administrativo correto a cada&nbsp;dia&#8230;<\/p>\n","protected":false},"author":1,"featured_media":9333,"comment_status":"open","ping_status":"open","sticky":false,"template":"","format":"standard","meta":{"footnotes":""},"categories":[1],"tags":[5],"_links":{"self":[{"href":"http:\/\/www.muricionline.com.br\/novo\/index.php?rest_route=\/wp\/v2\/posts\/9332"}],"collection":[{"href":"http:\/\/www.muricionline.com.br\/novo\/index.php?rest_route=\/wp\/v2\/posts"}],"about":[{"href":"http:\/\/www.muricionline.com.br\/novo\/index.php?rest_route=\/wp\/v2\/types\/post"}],"author":[{"embeddable":true,"href":"http:\/\/www.muricionline.com.br\/novo\/index.php?rest_route=\/wp\/v2\/users\/1"}],"replies":[{"embeddable":true,"href":"http:\/\/www.muricionline.com.br\/novo\/index.php?rest_route=%2Fwp%2Fv2%2Fcomments&post=9332"}],"version-history":[{"count":2,"href":"http:\/\/www.muricionline.com.br\/novo\/index.php?rest_route=\/wp\/v2\/posts\/9332\/revisions"}],"predecessor-version":[{"id":9336,"href":"http:\/\/www.muricionline.com.br\/novo\/index.php?rest_route=\/wp\/v2\/posts\/9332\/revisions\/9336"}],"wp:featuredmedia":[{"embeddable":true,"href":"http:\/\/www.muricionline.com.br\/novo\/index.php?rest_route=\/wp\/v2\/media\/9333"}],"wp:attachment":[{"href":"http:\/\/www.muricionline.com.br\/novo\/index.php?rest_route=%2Fwp%2Fv2%2Fmedia&parent=9332"}],"wp:term":[{"taxonomy":"category","embeddable":true,"href":"http:\/\/www.muricionline.com.br\/novo\/index.php?rest_route=%2Fwp%2Fv2%2Fcategories&post=9332"},{"taxonomy":"post_tag","embeddable":true,"href":"http:\/\/www.muricionline.com.br\/novo\/index.php?rest_route=%2Fwp%2Fv2%2Ftags&post=9332"}],"curies":[{"name":"wp","href":"https:\/\/api.w.org\/{rel}","templated":true}]}}