{"id":9338,"date":"2018-08-15T08:45:38","date_gmt":"2018-08-15T11:45:38","guid":{"rendered":"http:\/\/www.muricionline.com.br\/novo\/?p=9338"},"modified":"2018-08-15T08:45:38","modified_gmt":"2018-08-15T11:45:38","slug":"vereador-de-murici-recebe-comenda-da-camara-de-maceio","status":"publish","type":"post","link":"http:\/\/www.muricionline.com.br\/novo\/?p=9338","title":{"rendered":"Vereador de Murici recebe comenda da C\u00e2mara de Macei\u00f3"},"content":{"rendered":"<div class=\"td-post-header td-pb-padding-side\">\n<header>\n<div class=\"meta-info\">\n<div class=\"td-post-author-name\">\n<div class=\"td-author-line\">O vereador por Murici, Jos\u00e9 An\u00edzio de Amorim, o Aniz\u00e3o (MDB), recebeu da C\u00e2mara Municipal de Macei\u00f3 a Comenda M\u00e1rio Guimar\u00e3es, durante sess\u00e3o especial realizada nesta segunda-feira (13), no audit\u00f3rio do Senac, no Po\u00e7o.<\/div>\n<\/div>\n<\/div>\n<\/header>\n<\/div>\n<div class=\"td-post-content td-pb-padding-side\">\n<div class=\"post-content\">\n<article>A autora da iniciativa, vereadora Tereza Nelma (PSDB) justificou a condecora\u00e7\u00e3o \u2013 que \u00e9 a mais alta honraria da Casa \u2013 como o reconhecimento da atua\u00e7\u00e3o do vereador em defesa do municipalismo e pela permanente campanha de valoriza\u00e7\u00e3o do legislativo municipal.<\/p>\n<p>\u201cTenho participado de v\u00e1rios encontros nacionais de vereadores e pude constatar que o colega \u00e9 uma das maiores lideran\u00e7as pol\u00edticas da categoria no pa\u00eds\u201d, destacou Tereza Nelma, real\u00e7ando o papel do homenageado como dirigente da Uni\u00e3o dos Vereadores do Brasil (UVB).<\/p>\n<p>Ao receber a honraria, Aniz\u00e3o ressaltou que, mesmo Alagoas estando em um momento eleitoral onde ele e Tereza Nelma &nbsp;est\u00e3o em campos opostos, prevalecia o esp\u00edrito democr\u00e1tico entre os parlamentares. \u201cA minha amiga Tereza Nelma cresceu no meu conceito ao ter a grandeza de me tributar esta comenda num momento como esse\u201d.<\/p>\n<p><a href=\"http:\/\/www.muricionline.com.br\/novo\/wp-content\/uploads\/2018\/08\/afe7d423-81cb-4606-8a11-3ceb05af01a9.jpg\"><img loading=\"lazy\" decoding=\"async\" class=\"aligncenter size-full wp-image-9339\" src=\"http:\/\/www.muricionline.com.br\/novo\/wp-content\/uploads\/2018\/08\/afe7d423-81cb-4606-8a11-3ceb05af01a9.jpg\" alt=\"\" width=\"1280\" height=\"622\" srcset=\"http:\/\/www.muricionline.com.br\/novo\/wp-content\/uploads\/2018\/08\/afe7d423-81cb-4606-8a11-3ceb05af01a9.jpg 1280w, http:\/\/www.muricionline.com.br\/novo\/wp-content\/uploads\/2018\/08\/afe7d423-81cb-4606-8a11-3ceb05af01a9-300x146.jpg 300w, http:\/\/www.muricionline.com.br\/novo\/wp-content\/uploads\/2018\/08\/afe7d423-81cb-4606-8a11-3ceb05af01a9-768x373.jpg 768w, http:\/\/www.muricionline.com.br\/novo\/wp-content\/uploads\/2018\/08\/afe7d423-81cb-4606-8a11-3ceb05af01a9-1024x498.jpg 1024w, http:\/\/www.muricionline.com.br\/novo\/wp-content\/uploads\/2018\/08\/afe7d423-81cb-4606-8a11-3ceb05af01a9-535x261.jpg 535w\" sizes=\"(max-width: 1280px) 100vw, 1280px\" \/><\/a><\/p>\n<p>Aniz\u00e3o tamb\u00e9m dividiu a homenagem com todos os vereadores. \u201cComo superintendente Nordeste da UVB, tenho acompanhado de perto as dificuldades para o exerc\u00edcio do mandato em muitos munic\u00edpios. Por isso quero tamb\u00e9m reconhecer o esfor\u00e7o de todos os colegas vereadores que se empenham em bem representar seus mun\u00edcipes\u201d, finalizou.<\/p>\n<\/article>\n<\/div>\n<\/div>\n<span style=\"clear:both;display:none;\"><img src=\"http:\/\/www.muricionline.com.br\/novo\/wp-content\/plugins\/wp-spamfree\/img\/wpsf-img.php\" width=\"0\" height=\"0\" alt=\"\" style=\"border-style:none;width:0px;height:0px;display:none;\" \/><\/span>","protected":false},"excerpt":{"rendered":"<p>O vereador por Murici, Jos\u00e9 An\u00edzio de Amorim, o Aniz\u00e3o (MDB), recebeu da C\u00e2mara Municipal de Macei\u00f3 a Comenda M\u00e1rio Guimar\u00e3es, durante sess\u00e3o especial realizada nesta segunda-feira (13), no audit\u00f3rio do Senac, no Po\u00e7o. A autora da iniciativa, vereadora Tereza Nelma (PSDB) justificou a condecora\u00e7\u00e3o \u2013 que \u00e9 a mais alta honraria da Casa \u2013&#8230;<\/p>\n","protected":false},"author":1,"featured_media":9340,"comment_status":"open","ping_status":"open","sticky":false,"template":"","format":"standard","meta":{"footnotes":""},"categories":[7,1],"tags":[5],"_links":{"self":[{"href":"http:\/\/www.muricionline.com.br\/novo\/index.php?rest_route=\/wp\/v2\/posts\/9338"}],"collection":[{"href":"http:\/\/www.muricionline.com.br\/novo\/index.php?rest_route=\/wp\/v2\/posts"}],"about":[{"href":"http:\/\/www.muricionline.com.br\/novo\/index.php?rest_route=\/wp\/v2\/types\/post"}],"author":[{"embeddable":true,"href":"http:\/\/www.muricionline.com.br\/novo\/index.php?rest_route=\/wp\/v2\/users\/1"}],"replies":[{"embeddable":true,"href":"http:\/\/www.muricionline.com.br\/novo\/index.php?rest_route=%2Fwp%2Fv2%2Fcomments&post=9338"}],"version-history":[{"count":1,"href":"http:\/\/www.muricionline.com.br\/novo\/index.php?rest_route=\/wp\/v2\/posts\/9338\/revisions"}],"predecessor-version":[{"id":9341,"href":"http:\/\/www.muricionline.com.br\/novo\/index.php?rest_route=\/wp\/v2\/posts\/9338\/revisions\/9341"}],"wp:featuredmedia":[{"embeddable":true,"href":"http:\/\/www.muricionline.com.br\/novo\/index.php?rest_route=\/wp\/v2\/media\/9340"}],"wp:attachment":[{"href":"http:\/\/www.muricionline.com.br\/novo\/index.php?rest_route=%2Fwp%2Fv2%2Fmedia&parent=9338"}],"wp:term":[{"taxonomy":"category","embeddable":true,"href":"http:\/\/www.muricionline.com.br\/novo\/index.php?rest_route=%2Fwp%2Fv2%2Fcategories&post=9338"},{"taxonomy":"post_tag","embeddable":true,"href":"http:\/\/www.muricionline.com.br\/novo\/index.php?rest_route=%2Fwp%2Fv2%2Ftags&post=9338"}],"curies":[{"name":"wp","href":"https:\/\/api.w.org\/{rel}","templated":true}]}}