{"id":9344,"date":"2018-08-15T09:01:24","date_gmt":"2018-08-15T12:01:24","guid":{"rendered":"http:\/\/www.muricionline.com.br\/novo\/?p=9344"},"modified":"2018-08-15T09:01:24","modified_gmt":"2018-08-15T12:01:24","slug":"prefeitura-de-uniao-entrega-cadeiras-de-rodas-para-pacientes-com-necessidades-especiais","status":"publish","type":"post","link":"http:\/\/www.muricionline.com.br\/novo\/?p=9344","title":{"rendered":"Prefeitura de Uni\u00e3o entrega cadeiras de rodas para pacientes com necessidades especiais"},"content":{"rendered":"<p>Com Assessoria<\/p>\n<p>&nbsp;<\/p>\n<p>A Prefeitura de Uni\u00e3o dos Palmares, atrav\u00e9s da Secretaria de Sa\u00fade, contemplou nesta ter\u00e7a-feira, 14, seis pacientes do programa Melhor em Casa, que receberam cadeiras de rodas especiais para banho. A doa\u00e7\u00e3o foi do Governo do Estado, por meio da Secretaria do Estado da Mulher e dos Direitos Humanos, as cadeiras foram solicitada pelo prefeito Areski Freitas (Kil), de acordo com a secret\u00e1ria da pasta, Geany Vergeth.<\/p>\n<p>Ainda segundo Geany, j\u00e1 est\u00e3o solicitadas mais cadeiras de rodas para atender a toda demanda de pacientes com necessidades especiais. \u201cNosso Centro de Reabilita\u00e7\u00e3o e Diagn\u00f3stico faz um grande trabalho com esses pacientes, e entrou em contato conosco para disponibilizar essas cadeiras. Logo fomos atendidos pela Semudh e temos a alegria de ajudar estes pacientes que tanto precisam do equipamento para o dia a dia\u201d, explicou Geany.<\/p>\n<p>Saiba mais sobre a import\u00e2ncia do Melhor em Casa<\/p>\n<p>A aten\u00e7\u00e3o domiciliar visa a proporcionar ao paciente um cuidado mais pr\u00f3ximo da rotina da fam\u00edlia, evitando hospitaliza\u00e7\u00f5es desnecess\u00e1rias e diminuindo o risco de infec\u00e7\u00f5es, al\u00e9m de estar no aconchego do lar. Todo m\u00eas, a equipe da Secretaria de Sa\u00fade promove uma a\u00e7\u00e3o especial para contemplar o programa.<\/p>\n<span style=\"clear:both;display:none;\"><img src=\"http:\/\/www.muricionline.com.br\/novo\/wp-content\/plugins\/wp-spamfree\/img\/wpsf-img.php\" width=\"0\" height=\"0\" alt=\"\" style=\"border-style:none;width:0px;height:0px;display:none;\" \/><\/span>","protected":false},"excerpt":{"rendered":"<p>Com Assessoria &nbsp; A Prefeitura de Uni\u00e3o dos Palmares, atrav\u00e9s da Secretaria de Sa\u00fade, contemplou nesta ter\u00e7a-feira, 14, seis pacientes do programa Melhor em Casa, que receberam cadeiras de rodas especiais para banho. A doa\u00e7\u00e3o foi do Governo do Estado, por meio da Secretaria do Estado da Mulher e dos Direitos Humanos, as cadeiras foram&#8230;<\/p>\n","protected":false},"author":1,"featured_media":9345,"comment_status":"open","ping_status":"open","sticky":false,"template":"","format":"standard","meta":{"footnotes":""},"categories":[1],"tags":[5],"_links":{"self":[{"href":"http:\/\/www.muricionline.com.br\/novo\/index.php?rest_route=\/wp\/v2\/posts\/9344"}],"collection":[{"href":"http:\/\/www.muricionline.com.br\/novo\/index.php?rest_route=\/wp\/v2\/posts"}],"about":[{"href":"http:\/\/www.muricionline.com.br\/novo\/index.php?rest_route=\/wp\/v2\/types\/post"}],"author":[{"embeddable":true,"href":"http:\/\/www.muricionline.com.br\/novo\/index.php?rest_route=\/wp\/v2\/users\/1"}],"replies":[{"embeddable":true,"href":"http:\/\/www.muricionline.com.br\/novo\/index.php?rest_route=%2Fwp%2Fv2%2Fcomments&post=9344"}],"version-history":[{"count":1,"href":"http:\/\/www.muricionline.com.br\/novo\/index.php?rest_route=\/wp\/v2\/posts\/9344\/revisions"}],"predecessor-version":[{"id":9346,"href":"http:\/\/www.muricionline.com.br\/novo\/index.php?rest_route=\/wp\/v2\/posts\/9344\/revisions\/9346"}],"wp:featuredmedia":[{"embeddable":true,"href":"http:\/\/www.muricionline.com.br\/novo\/index.php?rest_route=\/wp\/v2\/media\/9345"}],"wp:attachment":[{"href":"http:\/\/www.muricionline.com.br\/novo\/index.php?rest_route=%2Fwp%2Fv2%2Fmedia&parent=9344"}],"wp:term":[{"taxonomy":"category","embeddable":true,"href":"http:\/\/www.muricionline.com.br\/novo\/index.php?rest_route=%2Fwp%2Fv2%2Fcategories&post=9344"},{"taxonomy":"post_tag","embeddable":true,"href":"http:\/\/www.muricionline.com.br\/novo\/index.php?rest_route=%2Fwp%2Fv2%2Ftags&post=9344"}],"curies":[{"name":"wp","href":"https:\/\/api.w.org\/{rel}","templated":true}]}}