{"id":9347,"date":"2018-08-15T09:03:21","date_gmt":"2018-08-15T12:03:21","guid":{"rendered":"http:\/\/www.muricionline.com.br\/novo\/?p=9347"},"modified":"2018-08-15T09:03:21","modified_gmt":"2018-08-15T12:03:21","slug":"pais-beneficiarios-de-programas-sociais-sao-homenageados-pela-prefeitura-de-uniao","status":"publish","type":"post","link":"http:\/\/www.muricionline.com.br\/novo\/?p=9347","title":{"rendered":"Pais benefici\u00e1rios de programas sociais s\u00e3o homenageados pela Prefeitura de Uni\u00e3o"},"content":{"rendered":"<p>A Prefeitura de Uni\u00e3o dos Palmares realizou uma homenagem aos pais benefici\u00e1rios de programas sociais. O Centro de Refer\u00eancia de Assist\u00eancia Social (CRAS) e o Servi\u00e7o de Conviv\u00eancia e Fortalecimento de V\u00ednculos (SCFV), atrav\u00e9s da Secret\u00e1ria Municipal de Assist\u00eancia Social, realizou na tarde desta ter\u00e7a-feira (14), uma festa comemorativa ao Dia dos Pais.<\/p>\n<p>Com o objetivo proporcionar um momento de confraterniza\u00e7\u00e3o e integra\u00e7\u00e3o entre os grupos de idosos e as fam\u00edlias que s\u00e3o atendidas pelos Centros de Refer\u00eancia do munic\u00edpio, al\u00e9m de comemorar a data especial.<\/p>\n<p>Na ocasi\u00e3o, foram realizadas atividades como, sorteio de brindes, apresenta\u00e7\u00e3o de m\u00fasica ao vivo, dan\u00e7a, apresenta\u00e7\u00e3o do coral das crian\u00e7as assistidas pelo Servi\u00e7o de Conviv\u00eancia e Fortalecimento de V\u00ednculos e um delicioso lanche da tarde. A festa aconteceu no CRAS do bairro Roberto Correia de Ara\u00fajo, e contou com a participa\u00e7\u00e3o dos CRAS da Santa F\u00e9, Mutir\u00e3o, Padre Donald e Robert\u00e3o. A secret\u00e1ria de assist\u00eancia social, Gabriela Yasmine Freitas prestigiou o evento.<\/p>\n<span style=\"clear:both;display:none;\"><img src=\"http:\/\/www.muricionline.com.br\/novo\/wp-content\/plugins\/wp-spamfree\/img\/wpsf-img.php\" width=\"0\" height=\"0\" alt=\"\" style=\"border-style:none;width:0px;height:0px;display:none;\" \/><\/span>","protected":false},"excerpt":{"rendered":"<p>A Prefeitura de Uni\u00e3o dos Palmares realizou uma homenagem aos pais benefici\u00e1rios de programas sociais. O Centro de Refer\u00eancia de Assist\u00eancia Social (CRAS) e o Servi\u00e7o de Conviv\u00eancia e Fortalecimento de V\u00ednculos (SCFV), atrav\u00e9s da Secret\u00e1ria Municipal de Assist\u00eancia Social, realizou na tarde desta ter\u00e7a-feira (14), uma festa comemorativa ao Dia dos Pais. Com o&#8230;<\/p>\n","protected":false},"author":1,"featured_media":9348,"comment_status":"open","ping_status":"open","sticky":false,"template":"","format":"standard","meta":{"footnotes":""},"categories":[1],"tags":[5],"_links":{"self":[{"href":"http:\/\/www.muricionline.com.br\/novo\/index.php?rest_route=\/wp\/v2\/posts\/9347"}],"collection":[{"href":"http:\/\/www.muricionline.com.br\/novo\/index.php?rest_route=\/wp\/v2\/posts"}],"about":[{"href":"http:\/\/www.muricionline.com.br\/novo\/index.php?rest_route=\/wp\/v2\/types\/post"}],"author":[{"embeddable":true,"href":"http:\/\/www.muricionline.com.br\/novo\/index.php?rest_route=\/wp\/v2\/users\/1"}],"replies":[{"embeddable":true,"href":"http:\/\/www.muricionline.com.br\/novo\/index.php?rest_route=%2Fwp%2Fv2%2Fcomments&post=9347"}],"version-history":[{"count":1,"href":"http:\/\/www.muricionline.com.br\/novo\/index.php?rest_route=\/wp\/v2\/posts\/9347\/revisions"}],"predecessor-version":[{"id":9349,"href":"http:\/\/www.muricionline.com.br\/novo\/index.php?rest_route=\/wp\/v2\/posts\/9347\/revisions\/9349"}],"wp:featuredmedia":[{"embeddable":true,"href":"http:\/\/www.muricionline.com.br\/novo\/index.php?rest_route=\/wp\/v2\/media\/9348"}],"wp:attachment":[{"href":"http:\/\/www.muricionline.com.br\/novo\/index.php?rest_route=%2Fwp%2Fv2%2Fmedia&parent=9347"}],"wp:term":[{"taxonomy":"category","embeddable":true,"href":"http:\/\/www.muricionline.com.br\/novo\/index.php?rest_route=%2Fwp%2Fv2%2Fcategories&post=9347"},{"taxonomy":"post_tag","embeddable":true,"href":"http:\/\/www.muricionline.com.br\/novo\/index.php?rest_route=%2Fwp%2Fv2%2Ftags&post=9347"}],"curies":[{"name":"wp","href":"https:\/\/api.w.org\/{rel}","templated":true}]}}