{"id":9350,"date":"2018-08-15T09:41:04","date_gmt":"2018-08-15T12:41:04","guid":{"rendered":"http:\/\/www.muricionline.com.br\/novo\/?p=9350"},"modified":"2018-08-15T09:41:38","modified_gmt":"2018-08-15T12:41:38","slug":"prefeitura-de-santana-do-mundau-realiza-aula-inaugural-para-alunos-do-eja","status":"publish","type":"post","link":"http:\/\/www.muricionline.com.br\/novo\/?p=9350","title":{"rendered":"Prefeitura de Santana do Munda\u00fa realiza aula inaugural para alunos do EJA"},"content":{"rendered":"<div class=\"mail-message-content collapsible zoom-normal \">\n<div class=\"clear\">\n<div dir=\"ltr\">\n<div dir=\"ltr\">\n<div dir=\"ltr\">\n<div dir=\"ltr\">\n<p>Nesta segunda-feira (13),&nbsp;a Prefeitura de Santana do Munda\u00fa, por meio da&nbsp;Secretaria Municipal&nbsp;de Educa\u00e7\u00e3o,&nbsp;promoveu, na Escola Pequeno Pr\u00edncipe, a aula inaugural da turma do EJA &#8211;&nbsp;Educa\u00e7\u00e3o de Jovens e Adultos. Ao saudar&nbsp;a turma&nbsp;que conta com 30 alunos, a diretora Neide Cardoso destacou o apoio do Prefeito Arthur Freitas e da secret\u00e1ria, Daniele M\u00e1rcia ao&nbsp;programa educacional. \u201cNa educa\u00e7\u00e3o n\u00e3o h\u00e1 tempo perdido que n\u00e3o possa ser recuperado com for\u00e7a de vontade. Por isso que apostamos no EJA e agradecemos todo o empenho do prefeito e secret\u00e1ria para que isso seja uma realidade. \u00c9 nosso dever reinserir no ambiente escolar todo cidad\u00e3o que, por um motivo ou outro, deixa de estudar na idade correta\u201d, disse.<\/p>\n<p>Demonstrando bastante ansiedade e anima\u00e7\u00e3o, os alunos saborearam um delicioso caf\u00e9 regional e receberam cada um, um kit contendo fardamento, caderno, l\u00e1pis e caneta. &#8220;A Educa\u00e7\u00e3o de Jovens e Adultos (EJA) \u00e9 uma modalidade de ensino que nasceu da clara necessidade de oferecer uma melhor chance para pessoas que, por qualquer motivo, n\u00e3o conclu\u00edram o ensino fundamental ou o m\u00e9dio na idade apropriada.&nbsp;Por isso, incentivamos e apoiamos essa&nbsp;a\u00e7\u00e3o de est\u00edmulo aos jovens e adultos, de modo que possamos&nbsp;proporcionar seu regresso \u00e0 sala de aula, visando, principalmente,&nbsp;o desenvolvimento humano do&nbsp;nosso munic\u00edpio&#8221;, destacou a secret\u00e1ria, Daniele M\u00e1rcia.<\/p>\n<p>&nbsp;<\/p>\n<\/div>\n<p>Com Assessoria&nbsp;<\/p>\n<\/div>\n<\/div>\n<\/div>\n<\/div>\n<\/div>\n<span style=\"clear:both;display:none;\"><img src=\"http:\/\/www.muricionline.com.br\/novo\/wp-content\/plugins\/wp-spamfree\/img\/wpsf-img.php\" width=\"0\" height=\"0\" alt=\"\" style=\"border-style:none;width:0px;height:0px;display:none;\" \/><\/span>","protected":false},"excerpt":{"rendered":"<p>Nesta segunda-feira (13),&nbsp;a Prefeitura de Santana do Munda\u00fa, por meio da&nbsp;Secretaria Municipal&nbsp;de Educa\u00e7\u00e3o,&nbsp;promoveu, na Escola Pequeno Pr\u00edncipe, a aula inaugural da turma do EJA &#8211;&nbsp;Educa\u00e7\u00e3o de Jovens e Adultos. Ao saudar&nbsp;a turma&nbsp;que conta com 30 alunos, a diretora Neide Cardoso destacou o apoio do Prefeito Arthur Freitas e da secret\u00e1ria, Daniele M\u00e1rcia ao&nbsp;programa educacional. \u201cNa&#8230;<\/p>\n","protected":false},"author":1,"featured_media":9351,"comment_status":"open","ping_status":"open","sticky":false,"template":"","format":"standard","meta":{"footnotes":""},"categories":[1],"tags":[5],"_links":{"self":[{"href":"http:\/\/www.muricionline.com.br\/novo\/index.php?rest_route=\/wp\/v2\/posts\/9350"}],"collection":[{"href":"http:\/\/www.muricionline.com.br\/novo\/index.php?rest_route=\/wp\/v2\/posts"}],"about":[{"href":"http:\/\/www.muricionline.com.br\/novo\/index.php?rest_route=\/wp\/v2\/types\/post"}],"author":[{"embeddable":true,"href":"http:\/\/www.muricionline.com.br\/novo\/index.php?rest_route=\/wp\/v2\/users\/1"}],"replies":[{"embeddable":true,"href":"http:\/\/www.muricionline.com.br\/novo\/index.php?rest_route=%2Fwp%2Fv2%2Fcomments&post=9350"}],"version-history":[{"count":1,"href":"http:\/\/www.muricionline.com.br\/novo\/index.php?rest_route=\/wp\/v2\/posts\/9350\/revisions"}],"predecessor-version":[{"id":9352,"href":"http:\/\/www.muricionline.com.br\/novo\/index.php?rest_route=\/wp\/v2\/posts\/9350\/revisions\/9352"}],"wp:featuredmedia":[{"embeddable":true,"href":"http:\/\/www.muricionline.com.br\/novo\/index.php?rest_route=\/wp\/v2\/media\/9351"}],"wp:attachment":[{"href":"http:\/\/www.muricionline.com.br\/novo\/index.php?rest_route=%2Fwp%2Fv2%2Fmedia&parent=9350"}],"wp:term":[{"taxonomy":"category","embeddable":true,"href":"http:\/\/www.muricionline.com.br\/novo\/index.php?rest_route=%2Fwp%2Fv2%2Fcategories&post=9350"},{"taxonomy":"post_tag","embeddable":true,"href":"http:\/\/www.muricionline.com.br\/novo\/index.php?rest_route=%2Fwp%2Fv2%2Ftags&post=9350"}],"curies":[{"name":"wp","href":"https:\/\/api.w.org\/{rel}","templated":true}]}}