{"id":9358,"date":"2018-08-16T18:07:17","date_gmt":"2018-08-16T21:07:17","guid":{"rendered":"http:\/\/www.muricionline.com.br\/novo\/?p=9358"},"modified":"2018-08-16T18:07:40","modified_gmt":"2018-08-16T21:07:40","slug":"prefeitura-e-emater-realizam-seminario-sobre-fomento-a-atividades-produtivas-rurais","status":"publish","type":"post","link":"http:\/\/www.muricionline.com.br\/novo\/?p=9358","title":{"rendered":"Prefeitura e Emater realizam semin\u00e1rio sobre fomento a atividades produtivas rurais"},"content":{"rendered":"<p>Por Assessoria de Comunica\u00e7\u00e3o<\/p>\n<p>Aconteceu nesta quinta-feira, 16, no Audit\u00f3rio da Prefeitura de Murici, o semin\u00e1rio de articula\u00e7\u00e3o para aporte de pol\u00edticas p\u00fablicas de inclus\u00e3o produtiva na regi\u00e3o da Mata alagoana, evento promovido em uma parceria entre a Prefeitura de Murici, por meio da Secretaria Municipal de Agricultura e Meio Ambiente (SEMASU), com o Instituto de Inova\u00e7\u00e3o para o Desenvolvimento Rural Sustent\u00e1vel de Alagoas (Emater\/AL).<\/p>\n<p><a href=\"http:\/\/www.muricionline.com.br\/novo\/wp-content\/uploads\/2018\/08\/IMG-20180816-WA0114.jpg\"><img loading=\"lazy\" decoding=\"async\" class=\"aligncenter size-full wp-image-9361\" src=\"http:\/\/www.muricionline.com.br\/novo\/wp-content\/uploads\/2018\/08\/IMG-20180816-WA0114.jpg\" alt=\"\" width=\"955\" height=\"659\" srcset=\"http:\/\/www.muricionline.com.br\/novo\/wp-content\/uploads\/2018\/08\/IMG-20180816-WA0114.jpg 955w, http:\/\/www.muricionline.com.br\/novo\/wp-content\/uploads\/2018\/08\/IMG-20180816-WA0114-300x207.jpg 300w, http:\/\/www.muricionline.com.br\/novo\/wp-content\/uploads\/2018\/08\/IMG-20180816-WA0114-768x530.jpg 768w\" sizes=\"(max-width: 955px) 100vw, 955px\" \/><\/a><\/p>\n<p>O semin\u00e1rio apresentou, entre outros assuntos, projetos exitosos de agricultores beneficiados pelo Programa de Fomento \u00e0s Atividades Produtivas Rurais, atrav\u00e9s de acordo de coopera\u00e7\u00e3o t\u00e9cnica entre o Minist\u00e9rio do Desenvolvimento Social e Agricultura, Secretaria de Estado da Agricultura e Pecu\u00e1ria (Seagri) e Emater. Tamb\u00e9m foram feitas orienta\u00e7\u00f5es aos agricultores presentes para obten\u00e7\u00e3o de cr\u00e9dito, por meio do Banco do Nordeste (BNB), para o incentivo \u00e0 agricultura familiar. S\u00f3 em Murici s\u00e3o 145 agricultores contemplados com o benef\u00edcio de R$ 2.400, valor importante para aquele que n\u00e3o tem renda suficiente para manter ou iniciar seu trabalho no campo.<\/p>\n<p><a href=\"http:\/\/www.muricionline.com.br\/novo\/wp-content\/uploads\/2018\/08\/IMG-20180816-WA0115.jpg\"><img loading=\"lazy\" decoding=\"async\" class=\"aligncenter size-full wp-image-9362\" src=\"http:\/\/www.muricionline.com.br\/novo\/wp-content\/uploads\/2018\/08\/IMG-20180816-WA0115.jpg\" alt=\"\" width=\"1080\" height=\"746\" srcset=\"http:\/\/www.muricionline.com.br\/novo\/wp-content\/uploads\/2018\/08\/IMG-20180816-WA0115.jpg 1080w, http:\/\/www.muricionline.com.br\/novo\/wp-content\/uploads\/2018\/08\/IMG-20180816-WA0115-300x207.jpg 300w, http:\/\/www.muricionline.com.br\/novo\/wp-content\/uploads\/2018\/08\/IMG-20180816-WA0115-768x530.jpg 768w, http:\/\/www.muricionline.com.br\/novo\/wp-content\/uploads\/2018\/08\/IMG-20180816-WA0115-1024x707.jpg 1024w\" sizes=\"(max-width: 1080px) 100vw, 1080px\" \/><\/a><\/p>\n<p>Na ocasi\u00e3o, foram apresentados projetos em andamento no munic\u00edpio, como cria\u00e7\u00e3o de ovinos, su\u00ednos, peixe e aves de corte, nos acampamentos Bota Velha e Mumbuca, al\u00e9m de projetos de apoio \u00e0 comercializa\u00e7\u00e3o de produ\u00e7\u00e3o em outros munic\u00edpios alagoanos.<\/p>\n<p><a href=\"http:\/\/www.muricionline.com.br\/novo\/wp-content\/uploads\/2018\/08\/IMG-20180816-WA0113.jpg\"><img loading=\"lazy\" decoding=\"async\" class=\"aligncenter size-full wp-image-9360\" src=\"http:\/\/www.muricionline.com.br\/novo\/wp-content\/uploads\/2018\/08\/IMG-20180816-WA0113.jpg\" alt=\"\" width=\"1080\" height=\"745\" srcset=\"http:\/\/www.muricionline.com.br\/novo\/wp-content\/uploads\/2018\/08\/IMG-20180816-WA0113.jpg 1080w, http:\/\/www.muricionline.com.br\/novo\/wp-content\/uploads\/2018\/08\/IMG-20180816-WA0113-300x207.jpg 300w, http:\/\/www.muricionline.com.br\/novo\/wp-content\/uploads\/2018\/08\/IMG-20180816-WA0113-768x530.jpg 768w, http:\/\/www.muricionline.com.br\/novo\/wp-content\/uploads\/2018\/08\/IMG-20180816-WA0113-1024x706.jpg 1024w\" sizes=\"(max-width: 1080px) 100vw, 1080px\" \/><\/a><\/p>\n<p>O prefeito de Murici, Olavo Neto, fez a abertura do evento e, na oportunidade, destacou a import\u00e2ncia da agricultura familiar no munic\u00edpio e ressaltou que a Prefeitura vem trabalhando na orienta\u00e7\u00e3o e assist\u00eancia ao agricultor sobre a melhor forma de aplica\u00e7\u00e3o dos recursos em sua atividade rural. Al\u00e9m do prefeito, participaram do evento o secret\u00e1rio da SEMASU, Deivinho Vasconcelos; o diretor-presidente da Emater\/AL, Elizeu Rego; al\u00e9m de representantes do setor rural de outras cidades.<\/p>\n<p>&nbsp;<\/p>\n<span style=\"clear:both;display:none;\"><img src=\"http:\/\/www.muricionline.com.br\/novo\/wp-content\/plugins\/wp-spamfree\/img\/wpsf-img.php\" width=\"0\" height=\"0\" alt=\"\" style=\"border-style:none;width:0px;height:0px;display:none;\" \/><\/span>","protected":false},"excerpt":{"rendered":"<p>Por Assessoria de Comunica\u00e7\u00e3o Aconteceu nesta quinta-feira, 16, no Audit\u00f3rio da Prefeitura de Murici, o semin\u00e1rio de articula\u00e7\u00e3o para aporte de pol\u00edticas p\u00fablicas de inclus\u00e3o produtiva na regi\u00e3o da Mata alagoana, evento promovido em uma parceria entre a Prefeitura de Murici, por meio da Secretaria Municipal de Agricultura e Meio Ambiente (SEMASU), com o Instituto&#8230;<\/p>\n","protected":false},"author":1,"featured_media":9363,"comment_status":"open","ping_status":"open","sticky":false,"template":"","format":"standard","meta":{"footnotes":""},"categories":[1],"tags":[5],"_links":{"self":[{"href":"http:\/\/www.muricionline.com.br\/novo\/index.php?rest_route=\/wp\/v2\/posts\/9358"}],"collection":[{"href":"http:\/\/www.muricionline.com.br\/novo\/index.php?rest_route=\/wp\/v2\/posts"}],"about":[{"href":"http:\/\/www.muricionline.com.br\/novo\/index.php?rest_route=\/wp\/v2\/types\/post"}],"author":[{"embeddable":true,"href":"http:\/\/www.muricionline.com.br\/novo\/index.php?rest_route=\/wp\/v2\/users\/1"}],"replies":[{"embeddable":true,"href":"http:\/\/www.muricionline.com.br\/novo\/index.php?rest_route=%2Fwp%2Fv2%2Fcomments&post=9358"}],"version-history":[{"count":1,"href":"http:\/\/www.muricionline.com.br\/novo\/index.php?rest_route=\/wp\/v2\/posts\/9358\/revisions"}],"predecessor-version":[{"id":9364,"href":"http:\/\/www.muricionline.com.br\/novo\/index.php?rest_route=\/wp\/v2\/posts\/9358\/revisions\/9364"}],"wp:featuredmedia":[{"embeddable":true,"href":"http:\/\/www.muricionline.com.br\/novo\/index.php?rest_route=\/wp\/v2\/media\/9363"}],"wp:attachment":[{"href":"http:\/\/www.muricionline.com.br\/novo\/index.php?rest_route=%2Fwp%2Fv2%2Fmedia&parent=9358"}],"wp:term":[{"taxonomy":"category","embeddable":true,"href":"http:\/\/www.muricionline.com.br\/novo\/index.php?rest_route=%2Fwp%2Fv2%2Fcategories&post=9358"},{"taxonomy":"post_tag","embeddable":true,"href":"http:\/\/www.muricionline.com.br\/novo\/index.php?rest_route=%2Fwp%2Fv2%2Ftags&post=9358"}],"curies":[{"name":"wp","href":"https:\/\/api.w.org\/{rel}","templated":true}]}}