{"id":9635,"date":"2018-09-18T17:56:30","date_gmt":"2018-09-18T20:56:30","guid":{"rendered":"http:\/\/www.muricionline.com.br\/novo\/?p=9635"},"modified":"2018-09-18T17:56:30","modified_gmt":"2018-09-18T20:56:30","slug":"incendio-em-onibus-escolar-assusta-universitarios-em-murici-sinistro-ocorreu-em-trecho-da-br-104","status":"publish","type":"post","link":"http:\/\/www.muricionline.com.br\/novo\/?p=9635","title":{"rendered":"Inc\u00eandio em \u00f4nibus escolar assusta universit\u00e1rios em Murici; sinistro ocorreu em trecho da BR-104"},"content":{"rendered":"<div class=\"row\">&nbsp;<\/div>\n<div class=\"row\">\n<div class=\"col-md-12 col-sm-12 col-xs-12\">\n<div class=\"boxOpcoes\">\n<div class=\"comentario\">Cerca de 30 estudantes universit\u00e1rios que residem no munic\u00edpio de Uni\u00e3o dos Palmares vivenciaram momentos de p\u00e2nico durante a noite desta segunda-feira (17).<\/div>\n<\/div>\n<\/div>\n<\/div>\n<div class=\"row\">\n<div class=\"col-md-12 col-sm-12 col-xs-12\">\n<div class=\"texto\">\n<div>&nbsp;<\/div>\n<div>Os alunos seguiam viagem de Macei\u00f3 para sua cidade natal, atrav\u00e9s da rodovia federal BR-104. A viagem parecia normal, mas quando o \u00f4nibus em que estavam, passava pela cidade de Murici, na regi\u00e3o metropolitana da Capital, quando uma grande confus\u00e3o se iniciou.<\/div>\n<div>&nbsp;<\/div>\n<div>Durante o trajeto, o condutor do \u00f4nibus escolar percebeu uma anormalidade no motor do coletivo e resolveu estacionar \u00e1s margens da rodovia federal.<\/div>\n<div>&nbsp;<\/div>\n<div>Nesse momento, uma densa fuma\u00e7a seguida de chamas come\u00e7aram a tomar conta do interior do ve\u00edculo, provocando um enorme tumulto entre os alunos que, em alguns casos precisaram quebrar as janelas do ve\u00edculo para sair de dentro dele.<\/div>\n<div>&nbsp;<\/div>\n<div>As v\u00edtimas do sinistro conseguirm pedir aux\u00edlio e equipes do Corpo de Bombeiros Militar e do Servi\u00e7o de Atendimento M\u00f3vel de Urg\u00eancia Samu foram deslocadas ao local.<\/div>\n<div>&nbsp;<\/div>\n<div>Segundo os primeirps informes, ao menos dois dos estudantes sofreram ferimentos um pouco mais graves e precisaram ser levados para hospitais da regi\u00e3o.<\/div>\n<div>&nbsp;<\/div>\n<div>As chamas foram debeladas, mas somente uma per\u00edcia \u00e9 que as causas que deram igni\u00e7\u00e3o \u00e1s chamas que destru\u00edram o \u00f4nibus escolar, ser\u00e3o conhecidas.<\/div>\n<\/div>\n<\/div>\n<\/div>\n<div>&nbsp;<\/div>\n<div class=\"row\">\n<div class=\"col-md-12 col-sm-12 col-xs-12\">\n<div>Com Melhor Noticia<\/div>\n<div>Foto: Alagoas24horas<\/div>\n<\/div>\n<\/div>\n<span style=\"clear:both;display:none;\"><img src=\"http:\/\/www.muricionline.com.br\/novo\/wp-content\/plugins\/wp-spamfree\/img\/wpsf-img.php\" width=\"0\" height=\"0\" alt=\"\" style=\"border-style:none;width:0px;height:0px;display:none;\" \/><\/span>","protected":false},"excerpt":{"rendered":"<p>&nbsp; Cerca de 30 estudantes universit\u00e1rios que residem no munic\u00edpio de Uni\u00e3o dos Palmares vivenciaram momentos de p\u00e2nico durante a noite desta segunda-feira (17). &nbsp; Os alunos seguiam viagem de Macei\u00f3 para sua cidade natal, atrav\u00e9s da rodovia federal BR-104. A viagem parecia normal, mas quando o \u00f4nibus em que estavam, passava pela cidade de&#8230;<\/p>\n","protected":false},"author":1,"featured_media":9636,"comment_status":"open","ping_status":"open","sticky":false,"template":"","format":"standard","meta":{"footnotes":""},"categories":[1],"tags":[5],"_links":{"self":[{"href":"http:\/\/www.muricionline.com.br\/novo\/index.php?rest_route=\/wp\/v2\/posts\/9635"}],"collection":[{"href":"http:\/\/www.muricionline.com.br\/novo\/index.php?rest_route=\/wp\/v2\/posts"}],"about":[{"href":"http:\/\/www.muricionline.com.br\/novo\/index.php?rest_route=\/wp\/v2\/types\/post"}],"author":[{"embeddable":true,"href":"http:\/\/www.muricionline.com.br\/novo\/index.php?rest_route=\/wp\/v2\/users\/1"}],"replies":[{"embeddable":true,"href":"http:\/\/www.muricionline.com.br\/novo\/index.php?rest_route=%2Fwp%2Fv2%2Fcomments&post=9635"}],"version-history":[{"count":1,"href":"http:\/\/www.muricionline.com.br\/novo\/index.php?rest_route=\/wp\/v2\/posts\/9635\/revisions"}],"predecessor-version":[{"id":9637,"href":"http:\/\/www.muricionline.com.br\/novo\/index.php?rest_route=\/wp\/v2\/posts\/9635\/revisions\/9637"}],"wp:featuredmedia":[{"embeddable":true,"href":"http:\/\/www.muricionline.com.br\/novo\/index.php?rest_route=\/wp\/v2\/media\/9636"}],"wp:attachment":[{"href":"http:\/\/www.muricionline.com.br\/novo\/index.php?rest_route=%2Fwp%2Fv2%2Fmedia&parent=9635"}],"wp:term":[{"taxonomy":"category","embeddable":true,"href":"http:\/\/www.muricionline.com.br\/novo\/index.php?rest_route=%2Fwp%2Fv2%2Fcategories&post=9635"},{"taxonomy":"post_tag","embeddable":true,"href":"http:\/\/www.muricionline.com.br\/novo\/index.php?rest_route=%2Fwp%2Fv2%2Ftags&post=9635"}],"curies":[{"name":"wp","href":"https:\/\/api.w.org\/{rel}","templated":true}]}}