{"id":9645,"date":"2018-09-18T22:00:59","date_gmt":"2018-09-19T01:00:59","guid":{"rendered":"http:\/\/www.muricionline.com.br\/novo\/?p=9645"},"modified":"2018-09-18T22:00:59","modified_gmt":"2018-09-19T01:00:59","slug":"faf-estende-prazo-para-adequacao-de-estadios-2a-divisao-comeca-neste-sabado","status":"publish","type":"post","link":"http:\/\/www.muricionline.com.br\/novo\/?p=9645","title":{"rendered":"FAF estende prazo para adequa\u00e7\u00e3o de est\u00e1dios; 2\u00aa divis\u00e3o come\u00e7a neste s\u00e1bado"},"content":{"rendered":"<p>Restando apenas quatro dias para o in\u00edcio da 2\u00aa Divis\u00e3o do Campeonato Alagoano, os clubes correm contra o tempo para regularizar os est\u00e1dios onde pretendem mandar suas partidas.<\/p>\n<p>Segundo o regulamento da competi\u00e7\u00e3o, Jaciob\u00e1, FF Porto Calvense, Sete de Setembro e S\u00e3o Domingos tinham at\u00e9 o \u00faltimo dia 12 (quarta-feira) para informar os est\u00e1dios em que v\u00e3o atuar no Alagoano. Por\u00e9m, apenas o Jaciob\u00e1, de P\u00e3o de A\u00e7\u00facar, informou um est\u00e1dio apto a sediar seus jogos, segundo o diretor de competi\u00e7\u00f5es da Federa\u00e7\u00e3o Alagoana de Futebol (FAF), Luciano Sampaio.&nbsp;&nbsp;At\u00e9 agora, apenas o Jaciob\u00e1, de P\u00e3o de A\u00e7\u00facar, informou o est\u00e1dio onde vai mandar seus jogos. Ele vai atuar no Edson Matias, em Olho d&#8217; \u00c1gua das Flores. Como o est\u00e1dio est\u00e1 com a documenta\u00e7\u00e3o em ordem, n\u00e3o h\u00e1 nenhum empecilho.<\/p>\n<p>\u00c0&nbsp;<strong>Gazetaweb<\/strong>, Sampaio tamb\u00e9m informou que a federa\u00e7\u00e3o resolveu estender o prazo para os clubes informarem seus est\u00e1dios at\u00e9 esta ter\u00e7a-feira. &#8220;A grande dificuldade \u00e9 a falta de pra\u00e7as esportivas dispon\u00edveis para as partidas. Caso eles n\u00e3o consigam, a federa\u00e7\u00e3o ir\u00e1 marcar os jogos em outra pra\u00e7a, com todos os custos ficando sob a responsabilidade do mandante da partida&#8221;, afirmou.<\/p>\n<p>Nessa segunda-feira (17), o FF Porto Calvense, de Porto Calvo, informou \u00e0 federa\u00e7\u00e3o que vai mandar suas partidas no Est\u00e1dio Edvanil Cavalcante Navarro, em Matriz de Camaragibe. No entanto, a aprova\u00e7\u00e3o desta pra\u00e7a esportiva ainda depende da apresenta\u00e7\u00e3o de laudos do Corpo de Bombeiros.<\/p>\n<p>Caso o est\u00e1dio em Matriz n\u00e3o seja aprovado, a alternativa seria jogar na cidade de Capela, no Est\u00e1dio Manoel Moreira &#8211; que, durante a primeira divis\u00e3o desta temporada, foi utilizado pelo Dimens\u00e3o Sa\u00fade, de Macei\u00f3. &#8220;A administra\u00e7\u00e3o do Manoel Moreira foi contactada e, caso os laudos do Corpo de Bombeiros n\u00e3o sa\u00edam para Matriz, a partida deste s\u00e1bado, com mando do FF Porto Calvense, vai ocorrer em Capela&#8221;, emendou Sampaio.<\/p>\n<p>J\u00e1 a alternativa em rela\u00e7\u00e3o ao Sete de Setembro e ao S\u00e3o Domingos, mandantes na segunda rodada, seria o Rei Pel\u00e9 ou o Jos\u00e9 Gomes da Costa, est\u00e1dio da cidade de Murici.<\/p>\n<p>A primeira rodada da 2\u00aa Divis\u00e3o do Alagoano est\u00e1 marcada para as 15h do pr\u00f3ximo s\u00e1bado (22), com o jogo \u00fanico entre FF Porto Calvense e S\u00e3o Domingos. Um dia depois, no mesmo hor\u00e1rio, ser\u00e1 a vez de Jaciob\u00e1 e Sete de Setembro medirem for\u00e7as no Edson Matias, no Sert\u00e3o alagoano.&nbsp;<\/p>\n<p>Por&nbsp;<strong>Gazetaweb.com<\/strong>&nbsp;<\/p>\n<span style=\"clear:both;display:none;\"><img src=\"http:\/\/www.muricionline.com.br\/novo\/wp-content\/plugins\/wp-spamfree\/img\/wpsf-img.php\" width=\"0\" height=\"0\" alt=\"\" style=\"border-style:none;width:0px;height:0px;display:none;\" \/><\/span>","protected":false},"excerpt":{"rendered":"<p>Restando apenas quatro dias para o in\u00edcio da 2\u00aa Divis\u00e3o do Campeonato Alagoano, os clubes correm contra o tempo para regularizar os est\u00e1dios onde pretendem mandar suas partidas. Segundo o regulamento da competi\u00e7\u00e3o, Jaciob\u00e1, FF Porto Calvense, Sete de Setembro e S\u00e3o Domingos tinham at\u00e9 o \u00faltimo dia 12 (quarta-feira) para informar os est\u00e1dios em&#8230;<\/p>\n","protected":false},"author":1,"featured_media":9646,"comment_status":"open","ping_status":"open","sticky":false,"template":"","format":"standard","meta":{"footnotes":""},"categories":[1],"tags":[5],"_links":{"self":[{"href":"http:\/\/www.muricionline.com.br\/novo\/index.php?rest_route=\/wp\/v2\/posts\/9645"}],"collection":[{"href":"http:\/\/www.muricionline.com.br\/novo\/index.php?rest_route=\/wp\/v2\/posts"}],"about":[{"href":"http:\/\/www.muricionline.com.br\/novo\/index.php?rest_route=\/wp\/v2\/types\/post"}],"author":[{"embeddable":true,"href":"http:\/\/www.muricionline.com.br\/novo\/index.php?rest_route=\/wp\/v2\/users\/1"}],"replies":[{"embeddable":true,"href":"http:\/\/www.muricionline.com.br\/novo\/index.php?rest_route=%2Fwp%2Fv2%2Fcomments&post=9645"}],"version-history":[{"count":1,"href":"http:\/\/www.muricionline.com.br\/novo\/index.php?rest_route=\/wp\/v2\/posts\/9645\/revisions"}],"predecessor-version":[{"id":9647,"href":"http:\/\/www.muricionline.com.br\/novo\/index.php?rest_route=\/wp\/v2\/posts\/9645\/revisions\/9647"}],"wp:featuredmedia":[{"embeddable":true,"href":"http:\/\/www.muricionline.com.br\/novo\/index.php?rest_route=\/wp\/v2\/media\/9646"}],"wp:attachment":[{"href":"http:\/\/www.muricionline.com.br\/novo\/index.php?rest_route=%2Fwp%2Fv2%2Fmedia&parent=9645"}],"wp:term":[{"taxonomy":"category","embeddable":true,"href":"http:\/\/www.muricionline.com.br\/novo\/index.php?rest_route=%2Fwp%2Fv2%2Fcategories&post=9645"},{"taxonomy":"post_tag","embeddable":true,"href":"http:\/\/www.muricionline.com.br\/novo\/index.php?rest_route=%2Fwp%2Fv2%2Ftags&post=9645"}],"curies":[{"name":"wp","href":"https:\/\/api.w.org\/{rel}","templated":true}]}}