{"id":9649,"date":"2018-09-19T06:49:54","date_gmt":"2018-09-19T09:49:54","guid":{"rendered":"http:\/\/www.muricionline.com.br\/novo\/?p=9649"},"modified":"2018-09-19T06:50:27","modified_gmt":"2018-09-19T09:50:27","slug":"caps-e-nasf-de-murici-promovem-palestras-sobre-o-setembro-amarelo-nas-escolas-do-municipio","status":"publish","type":"post","link":"http:\/\/www.muricionline.com.br\/novo\/?p=9649","title":{"rendered":"CAPS e NASF de Murici promovem palestras sobre o Setembro Amarelo nas escolas do munic\u00edpio"},"content":{"rendered":"<p>Com Assessoria<\/p>\n<p>Dando continuidade \u00e0 campanha do SetembroAmarelo, profissionais do CAPS e do N\u00facleo Ampliado de Sa\u00fade da Fam\u00edlia (NASF) de Murici iniciaram nesta semana, o ciclo de palestras sobre preven\u00e7\u00e3o do suic\u00eddio com estudantes da Escola Municipal Professor Aurino Maciel (PAM) e da Escola Estadual Benedita Rufino. O objetivo \u00e9 o de levar at\u00e9 os jovens a\u00e7\u00f5es para refor\u00e7ar a import\u00e2ncia da valoriza\u00e7\u00e3o da vida.<\/p>\n<p>No dia 21, a roda de conversa \u00e9 na Escola Estadual Professor Loureiro; e no dia 24, na Escola Municipal Juvenal Lopes. J\u00e1 no dia 27, acontece uma grande caminhada pelas ruas de Murici com usu\u00e1rios do CAPS e profissionais da Sa\u00fade, encerrando na Pra\u00e7a Padre C\u00edcero.&nbsp;<\/p>\n<p><a href=\"http:\/\/www.muricionline.com.br\/novo\/wp-content\/uploads\/2018\/09\/IMG-20180919-WA0004.jpg\"><img loading=\"lazy\" decoding=\"async\" class=\"aligncenter size-full wp-image-9650\" src=\"http:\/\/www.muricionline.com.br\/novo\/wp-content\/uploads\/2018\/09\/IMG-20180919-WA0004.jpg\" alt=\"\" width=\"720\" height=\"491\" srcset=\"http:\/\/www.muricionline.com.br\/novo\/wp-content\/uploads\/2018\/09\/IMG-20180919-WA0004.jpg 720w, http:\/\/www.muricionline.com.br\/novo\/wp-content\/uploads\/2018\/09\/IMG-20180919-WA0004-300x205.jpg 300w\" sizes=\"(max-width: 720px) 100vw, 720px\" \/><\/a><\/p>\n<span style=\"clear:both;display:none;\"><img src=\"http:\/\/www.muricionline.com.br\/novo\/wp-content\/plugins\/wp-spamfree\/img\/wpsf-img.php\" width=\"0\" height=\"0\" alt=\"\" style=\"border-style:none;width:0px;height:0px;display:none;\" \/><\/span>","protected":false},"excerpt":{"rendered":"<p>Com Assessoria Dando continuidade \u00e0 campanha do SetembroAmarelo, profissionais do CAPS e do N\u00facleo Ampliado de Sa\u00fade da Fam\u00edlia (NASF) de Murici iniciaram nesta semana, o ciclo de palestras sobre preven\u00e7\u00e3o do suic\u00eddio com estudantes da Escola Municipal Professor Aurino Maciel (PAM) e da Escola Estadual Benedita Rufino. O objetivo \u00e9 o de levar at\u00e9&#8230;<\/p>\n","protected":false},"author":1,"featured_media":9651,"comment_status":"open","ping_status":"open","sticky":false,"template":"","format":"standard","meta":{"footnotes":""},"categories":[1],"tags":[5],"_links":{"self":[{"href":"http:\/\/www.muricionline.com.br\/novo\/index.php?rest_route=\/wp\/v2\/posts\/9649"}],"collection":[{"href":"http:\/\/www.muricionline.com.br\/novo\/index.php?rest_route=\/wp\/v2\/posts"}],"about":[{"href":"http:\/\/www.muricionline.com.br\/novo\/index.php?rest_route=\/wp\/v2\/types\/post"}],"author":[{"embeddable":true,"href":"http:\/\/www.muricionline.com.br\/novo\/index.php?rest_route=\/wp\/v2\/users\/1"}],"replies":[{"embeddable":true,"href":"http:\/\/www.muricionline.com.br\/novo\/index.php?rest_route=%2Fwp%2Fv2%2Fcomments&post=9649"}],"version-history":[{"count":1,"href":"http:\/\/www.muricionline.com.br\/novo\/index.php?rest_route=\/wp\/v2\/posts\/9649\/revisions"}],"predecessor-version":[{"id":9652,"href":"http:\/\/www.muricionline.com.br\/novo\/index.php?rest_route=\/wp\/v2\/posts\/9649\/revisions\/9652"}],"wp:featuredmedia":[{"embeddable":true,"href":"http:\/\/www.muricionline.com.br\/novo\/index.php?rest_route=\/wp\/v2\/media\/9651"}],"wp:attachment":[{"href":"http:\/\/www.muricionline.com.br\/novo\/index.php?rest_route=%2Fwp%2Fv2%2Fmedia&parent=9649"}],"wp:term":[{"taxonomy":"category","embeddable":true,"href":"http:\/\/www.muricionline.com.br\/novo\/index.php?rest_route=%2Fwp%2Fv2%2Fcategories&post=9649"},{"taxonomy":"post_tag","embeddable":true,"href":"http:\/\/www.muricionline.com.br\/novo\/index.php?rest_route=%2Fwp%2Fv2%2Ftags&post=9649"}],"curies":[{"name":"wp","href":"https:\/\/api.w.org\/{rel}","templated":true}]}}