{"id":9653,"date":"2018-09-19T15:21:18","date_gmt":"2018-09-19T18:21:18","guid":{"rendered":"http:\/\/www.muricionline.com.br\/novo\/?p=9653"},"modified":"2018-09-19T15:26:00","modified_gmt":"2018-09-19T18:26:00","slug":"prefeito-de-sao-jose-da-laje-busca-alternativas-para-incentivar-empresas-a-se-instalarem-na-cidade-e-gerar-mais-empregos-e-renda-na-regiao","status":"publish","type":"post","link":"http:\/\/www.muricionline.com.br\/novo\/?p=9653","title":{"rendered":"Prefeito de S\u00e3o Jos\u00e9 da Laje busca alternativas para incentivar empresas a se instalarem na cidade e gerar mais empregos e renda na regi\u00e3o"},"content":{"rendered":"<p style=\"font-weight: 400;\">Rodrigo Valen\u00e7a viajou at\u00e9 Minas Gerais e se reuniu com grandes empres\u00e1rios do setor av\u00edcola.<\/p>\n<p style=\"font-weight: 400;\">&nbsp;<\/p>\n<p style=\"font-weight: 400;\">O prefeito Rodrigo Valen\u00e7a viajou at\u00e9 o estado de Minas Gerais para se reunir com s\u00f3cios da empresa Avivar, uma das maiores empresas do pa\u00eds no setor av\u00edcola. A reuni\u00e3o aconteceu na ter\u00e7a-feira, 11 de setembro, na sede da Avivar, em S\u00e3o Sebasti\u00e3o do Oeste-MG. O representante do executivo foi recepcionado pelo presidente do Grupo Avivar, Jos\u00e9 Magela; o vice-presidente, Ant\u00f4nio Carlos; o gerente \u00canio Costa; e pelo vereador de S\u00e3o Sebasti\u00e3o do Oeste, R\u00f4mulo Beirigo.<\/p>\n<p><a href=\"http:\/\/www.muricionline.com.br\/novo\/wp-content\/uploads\/2018\/09\/IMG_20180919_152228_333.jpg\"><img loading=\"lazy\" decoding=\"async\" class=\"aligncenter size-full wp-image-9658\" src=\"http:\/\/www.muricionline.com.br\/novo\/wp-content\/uploads\/2018\/09\/IMG_20180919_152228_333.jpg\" alt=\"\" width=\"1080\" height=\"837\" srcset=\"http:\/\/www.muricionline.com.br\/novo\/wp-content\/uploads\/2018\/09\/IMG_20180919_152228_333.jpg 1080w, http:\/\/www.muricionline.com.br\/novo\/wp-content\/uploads\/2018\/09\/IMG_20180919_152228_333-300x233.jpg 300w, http:\/\/www.muricionline.com.br\/novo\/wp-content\/uploads\/2018\/09\/IMG_20180919_152228_333-768x595.jpg 768w, http:\/\/www.muricionline.com.br\/novo\/wp-content\/uploads\/2018\/09\/IMG_20180919_152228_333-1024x794.jpg 1024w\" sizes=\"(max-width: 1080px) 100vw, 1080px\" \/><\/a><\/p>\n<p style=\"font-weight: 400;\">Na oportunidade, Rodrigo Valen\u00e7a, juntamente ao Secret\u00e1rio de Agricultura Roger Cavalcante, apresentou um projeto que incentiva os empres\u00e1rios a investirem na abertura de uma filial no munic\u00edpio, explorando o potencial log\u00edstico, a infraestrutura dispon\u00edvel e as condi\u00e7\u00f5es favor\u00e1veis para a instala\u00e7\u00e3o.<\/p>\n<p style=\"font-weight: 400;\">\u201cS\u00e3o Jos\u00e9 da Laje est\u00e1 pr\u00f3ximo a grandes portos e aeroportos. Temos que explorar esse potencial log\u00edstico, buscando empresas para gerar mais empregos, n\u00e3o s\u00f3 na cidade onde sou prefeito, mas em toda a regi\u00e3o. A Avivar emprega muitos alagoanos e, especialmente, lajenses. Ela sabe o nosso valor e potencial como nordestinos\u201d. Destacou Rodrigo Valen\u00e7a.<\/p>\n<p style=\"font-weight: 400;\">Quando perguntado sobre a reuni\u00e3o, o prefeito disse que durou cerca de duas horas e meia e que foi uma conversa t\u00e9cnica, din\u00e2mica e agrad\u00e1vel. Revelou ainda que o pr\u00f3ximo passo \u00e9 aguardar passar esse per\u00edodo eleitoral e tentar marcar uma reuni\u00e3o com os empres\u00e1rios e o governador para aprimorar a ideia e colher bons frutos.<\/p>\n<p><a href=\"http:\/\/www.muricionline.com.br\/novo\/wp-content\/uploads\/2018\/09\/IMG_20180919_152228_332.jpg\"><img loading=\"lazy\" decoding=\"async\" class=\"aligncenter size-full wp-image-9660\" src=\"http:\/\/www.muricionline.com.br\/novo\/wp-content\/uploads\/2018\/09\/IMG_20180919_152228_332.jpg\" alt=\"\" width=\"1080\" height=\"810\" srcset=\"http:\/\/www.muricionline.com.br\/novo\/wp-content\/uploads\/2018\/09\/IMG_20180919_152228_332.jpg 1080w, http:\/\/www.muricionline.com.br\/novo\/wp-content\/uploads\/2018\/09\/IMG_20180919_152228_332-300x225.jpg 300w, http:\/\/www.muricionline.com.br\/novo\/wp-content\/uploads\/2018\/09\/IMG_20180919_152228_332-768x576.jpg 768w, http:\/\/www.muricionline.com.br\/novo\/wp-content\/uploads\/2018\/09\/IMG_20180919_152228_332-1024x768.jpg 1024w\" sizes=\"(max-width: 1080px) 100vw, 1080px\" \/><\/a><\/p>\n<p style=\"font-weight: 400;\">\u201cS\u00f3 temos que agradecer a forma que fomos recebidos pelos donos da Avivar, Dr. Jos\u00e9 Magela, Dr. Ant\u00f4nio Carlos, Dr. \u00canio Costa , pelo vereador R\u00f4mulo e pelos moradores de S\u00e3o Sebasti\u00e3o do Oeste. Plantamos a semente e estamos confiantes que colheremos bons frutos\u201d. Finalizou o prefeito.<\/p>\n<p style=\"font-weight: 400;\">&nbsp;<\/p>\n<p style=\"font-weight: 400;\">Por Assessoria<\/p>\n<span style=\"clear:both;display:none;\"><img src=\"http:\/\/www.muricionline.com.br\/novo\/wp-content\/plugins\/wp-spamfree\/img\/wpsf-img.php\" width=\"0\" height=\"0\" alt=\"\" style=\"border-style:none;width:0px;height:0px;display:none;\" \/><\/span>","protected":false},"excerpt":{"rendered":"<p>Rodrigo Valen\u00e7a viajou at\u00e9 Minas Gerais e se reuniu com grandes empres\u00e1rios do setor av\u00edcola. &nbsp; O prefeito Rodrigo Valen\u00e7a viajou at\u00e9 o estado de Minas Gerais para se reunir com s\u00f3cios da empresa Avivar, uma das maiores empresas do pa\u00eds no setor av\u00edcola. A reuni\u00e3o aconteceu na ter\u00e7a-feira, 11 de setembro, na sede da&#8230;<\/p>\n","protected":false},"author":1,"featured_media":9657,"comment_status":"open","ping_status":"open","sticky":false,"template":"","format":"standard","meta":{"footnotes":""},"categories":[8,1],"tags":[5],"_links":{"self":[{"href":"http:\/\/www.muricionline.com.br\/novo\/index.php?rest_route=\/wp\/v2\/posts\/9653"}],"collection":[{"href":"http:\/\/www.muricionline.com.br\/novo\/index.php?rest_route=\/wp\/v2\/posts"}],"about":[{"href":"http:\/\/www.muricionline.com.br\/novo\/index.php?rest_route=\/wp\/v2\/types\/post"}],"author":[{"embeddable":true,"href":"http:\/\/www.muricionline.com.br\/novo\/index.php?rest_route=\/wp\/v2\/users\/1"}],"replies":[{"embeddable":true,"href":"http:\/\/www.muricionline.com.br\/novo\/index.php?rest_route=%2Fwp%2Fv2%2Fcomments&post=9653"}],"version-history":[{"count":3,"href":"http:\/\/www.muricionline.com.br\/novo\/index.php?rest_route=\/wp\/v2\/posts\/9653\/revisions"}],"predecessor-version":[{"id":9661,"href":"http:\/\/www.muricionline.com.br\/novo\/index.php?rest_route=\/wp\/v2\/posts\/9653\/revisions\/9661"}],"wp:featuredmedia":[{"embeddable":true,"href":"http:\/\/www.muricionline.com.br\/novo\/index.php?rest_route=\/wp\/v2\/media\/9657"}],"wp:attachment":[{"href":"http:\/\/www.muricionline.com.br\/novo\/index.php?rest_route=%2Fwp%2Fv2%2Fmedia&parent=9653"}],"wp:term":[{"taxonomy":"category","embeddable":true,"href":"http:\/\/www.muricionline.com.br\/novo\/index.php?rest_route=%2Fwp%2Fv2%2Fcategories&post=9653"},{"taxonomy":"post_tag","embeddable":true,"href":"http:\/\/www.muricionline.com.br\/novo\/index.php?rest_route=%2Fwp%2Fv2%2Ftags&post=9653"}],"curies":[{"name":"wp","href":"https:\/\/api.w.org\/{rel}","templated":true}]}}