{"id":9671,"date":"2018-09-20T14:48:16","date_gmt":"2018-09-20T17:48:16","guid":{"rendered":"http:\/\/www.muricionline.com.br\/novo\/?p=9671"},"modified":"2018-09-20T14:48:16","modified_gmt":"2018-09-20T17:48:16","slug":"em-uniao-prefeito-kil-assina-ordem-de-servico-para-mais-um-posto-de-saude","status":"publish","type":"post","link":"http:\/\/www.muricionline.com.br\/novo\/?p=9671","title":{"rendered":"Em Uni\u00e3o, prefeito Kil assina ordem de servi\u00e7o para mais um posto de sa\u00fade"},"content":{"rendered":"<p>Em Uni\u00e3o dos Palmares, o prefeito Areski Freitas (Kil) e a secret\u00e1ria de sa\u00fade, Geany Vergeth, assinaram nesta quinta-feira, 20, a ordem de servi\u00e7o para a constru\u00e7\u00e3o de mais um Posto de Sa\u00fade para o munic\u00edpio, agora no conjunto Nossa Senhora das Dores (Vaquejada). A Unidade B\u00e1sica de Sa\u00fade \u00e9 tipo 1, obra federal que est\u00e1 or\u00e7ada em mais de R$ 500 mil em investimento. Com previs\u00e3o de at\u00e9 6 meses para conclus\u00e3o.<\/p>\n<p>&nbsp;<\/p>\n<p>Para Geany, o novo posto de sa\u00fade vai possibilitar mais assist\u00eancia m\u00e9dica para os moradores do conjunto, aumentando o n\u00famero de servi\u00e7os e atendimentos. \u201cJ\u00e1 temos as novas UBSs do bairro Alto do Cruzeiro, do conjunto Padre Donald e agora mais essa para fortalecer ainda mais nossa sa\u00fade p\u00fablica\u201d, disse a secret\u00e1ria de sa\u00fade.<\/p>\n<p>&nbsp;<\/p>\n<p>Segundo Kil, as melhorias do conjunto n\u00e3o v\u00e3o parar por a\u00ed. Em breve ser\u00e1 iniciado a obra de cal\u00e7amento de toda a Vaquejada. \u201cEstamos s\u00f3 aguardando finalizar a pavimenta\u00e7\u00e3o do povoado Santa F\u00e9 para dar inicio\u201d, explicou o prefeito.<\/p>\n<p>&nbsp;<\/p>\n<p>Com Assessoria&nbsp;<\/p>\n<span style=\"clear:both;display:none;\"><img src=\"http:\/\/www.muricionline.com.br\/novo\/wp-content\/plugins\/wp-spamfree\/img\/wpsf-img.php\" width=\"0\" height=\"0\" alt=\"\" style=\"border-style:none;width:0px;height:0px;display:none;\" \/><\/span>","protected":false},"excerpt":{"rendered":"<p>Em Uni\u00e3o dos Palmares, o prefeito Areski Freitas (Kil) e a secret\u00e1ria de sa\u00fade, Geany Vergeth, assinaram nesta quinta-feira, 20, a ordem de servi\u00e7o para a constru\u00e7\u00e3o de mais um Posto de Sa\u00fade para o munic\u00edpio, agora no conjunto Nossa Senhora das Dores (Vaquejada). A Unidade B\u00e1sica de Sa\u00fade \u00e9 tipo 1, obra federal que&#8230;<\/p>\n","protected":false},"author":1,"featured_media":9672,"comment_status":"open","ping_status":"open","sticky":false,"template":"","format":"standard","meta":{"footnotes":""},"categories":[1],"tags":[5],"_links":{"self":[{"href":"http:\/\/www.muricionline.com.br\/novo\/index.php?rest_route=\/wp\/v2\/posts\/9671"}],"collection":[{"href":"http:\/\/www.muricionline.com.br\/novo\/index.php?rest_route=\/wp\/v2\/posts"}],"about":[{"href":"http:\/\/www.muricionline.com.br\/novo\/index.php?rest_route=\/wp\/v2\/types\/post"}],"author":[{"embeddable":true,"href":"http:\/\/www.muricionline.com.br\/novo\/index.php?rest_route=\/wp\/v2\/users\/1"}],"replies":[{"embeddable":true,"href":"http:\/\/www.muricionline.com.br\/novo\/index.php?rest_route=%2Fwp%2Fv2%2Fcomments&post=9671"}],"version-history":[{"count":1,"href":"http:\/\/www.muricionline.com.br\/novo\/index.php?rest_route=\/wp\/v2\/posts\/9671\/revisions"}],"predecessor-version":[{"id":9673,"href":"http:\/\/www.muricionline.com.br\/novo\/index.php?rest_route=\/wp\/v2\/posts\/9671\/revisions\/9673"}],"wp:featuredmedia":[{"embeddable":true,"href":"http:\/\/www.muricionline.com.br\/novo\/index.php?rest_route=\/wp\/v2\/media\/9672"}],"wp:attachment":[{"href":"http:\/\/www.muricionline.com.br\/novo\/index.php?rest_route=%2Fwp%2Fv2%2Fmedia&parent=9671"}],"wp:term":[{"taxonomy":"category","embeddable":true,"href":"http:\/\/www.muricionline.com.br\/novo\/index.php?rest_route=%2Fwp%2Fv2%2Fcategories&post=9671"},{"taxonomy":"post_tag","embeddable":true,"href":"http:\/\/www.muricionline.com.br\/novo\/index.php?rest_route=%2Fwp%2Fv2%2Ftags&post=9671"}],"curies":[{"name":"wp","href":"https:\/\/api.w.org\/{rel}","templated":true}]}}