{"id":12855,"date":"2020-05-28T08:20:22","date_gmt":"2020-05-28T11:20:22","guid":{"rendered":"http:\/\/www.muricionline.com.br\/novo\/?p=12855"},"modified":"2020-05-28T08:22:09","modified_gmt":"2020-05-28T11:22:09","slug":"foragido-da-justica-e-preso-em-murici","status":"publish","type":"post","link":"https:\/\/www.muricionline.com.br\/novo\/?p=12855","title":{"rendered":"Foragido da Justi\u00e7a \u00e9 preso em Murici"},"content":{"rendered":"<div class=\"container-fluid \">\n<div class=\"container \">\n<div class=\"titlePageSingle\">Murici \u2013 Policiais civis prenderam no \u00faltimo dia 20, quarta-feira, em Murici, um homem acusado de ter praticado um homic\u00eddio em mar\u00e7o de 2009, em Uni\u00e3o dos Palmares. O nome do acusado n\u00e3o foi divulgado devido a nova Lei de Abuso de Autoridade.<\/div>\n<\/div>\n<\/div>\n<div class=\"container-fluid\">\n<div class=\"container artigo\">\n<p>De acordo com os relat\u00f3rios da Divis\u00e3o Especial de Investiga\u00e7\u00e3o e Captura (Deic), a motiva\u00e7\u00e3o do crime seria desaven\u00e7as que o homem tinha com o atual esposo da ex-companheira.<\/p>\n<div class=\"code-block code-block-2\">\n<p><ins class=\"adsbygoogle\" data-ad-client=\"ca-pub-1610410417544199\" data-ad-slot=\"3196062467\" data-ad-format=\"auto\" data-full-width-responsive=\"true\" data-adsbygoogle-status=\"done\" data-overlap-observer-io=\"false\">Segundo o coordenador da Deic, Gustavo Heinrique, as desaven\u00e7as entre os dois homens levou o acusado a planejar o crime da v\u00edtima, com golpes de fac\u00e3o.<\/ins>O homic\u00eddio aconteceu no dia 29 de mar\u00e7o de 2009, em Uni\u00e3o dos Palmares, munic\u00edpio ao qual o acusado teria se evadido ap\u00f3s ter praticado o crime.<\/p>\n<p>A Se\u00e7\u00e3o de Captura da Deic conseguiu localizar o atual endere\u00e7o do acusado, ele foi encontrado na cidade de Murici, munic\u00edpio com aproximadamente 25 km de dist\u00e2ncia da cidade de Uni\u00e3o. Ap\u00f3s ser detido, o acusado foi encaminhado para o sistema prisional.<\/p>\n<div class=\"container-fluid \">\n<div class=\"container \">\n<div class=\"titlePageSingle\">\n<p><b>Com | BR104&nbsp;<\/b><\/p>\n<p>Foto: Reprodu\u00e7\u00e3o&nbsp;<\/p>\n<\/div>\n<\/div>\n<\/div>\n<\/div>\n<\/div>\n<\/div>\n<span style=\"clear:both;display:none;\"><img src=\"http:\/\/www.muricionline.com.br\/novo\/wp-content\/plugins\/wp-spamfree\/img\/wpsf-img.php\" width=\"0\" height=\"0\" alt=\"\" style=\"border-style:none;width:0px;height:0px;display:none;\" \/><\/span>","protected":false},"excerpt":{"rendered":"<p>Murici \u2013 Policiais civis prenderam no \u00faltimo dia 20, quarta-feira, em Murici, um homem acusado de ter praticado um homic\u00eddio em mar\u00e7o de 2009, em Uni\u00e3o dos Palmares. O nome do acusado n\u00e3o foi divulgado devido a nova Lei de Abuso de Autoridade. De acordo com os relat\u00f3rios da Divis\u00e3o Especial de Investiga\u00e7\u00e3o e Captura&#8230;<\/p>\n","protected":false},"author":1,"featured_media":12856,"comment_status":"open","ping_status":"open","sticky":false,"template":"","format":"standard","meta":{"footnotes":""},"categories":[1],"tags":[5],"_links":{"self":[{"href":"https:\/\/www.muricionline.com.br\/novo\/index.php?rest_route=\/wp\/v2\/posts\/12855"}],"collection":[{"href":"https:\/\/www.muricionline.com.br\/novo\/index.php?rest_route=\/wp\/v2\/posts"}],"about":[{"href":"https:\/\/www.muricionline.com.br\/novo\/index.php?rest_route=\/wp\/v2\/types\/post"}],"author":[{"embeddable":true,"href":"https:\/\/www.muricionline.com.br\/novo\/index.php?rest_route=\/wp\/v2\/users\/1"}],"replies":[{"embeddable":true,"href":"https:\/\/www.muricionline.com.br\/novo\/index.php?rest_route=%2Fwp%2Fv2%2Fcomments&post=12855"}],"version-history":[{"count":2,"href":"https:\/\/www.muricionline.com.br\/novo\/index.php?rest_route=\/wp\/v2\/posts\/12855\/revisions"}],"predecessor-version":[{"id":12858,"href":"https:\/\/www.muricionline.com.br\/novo\/index.php?rest_route=\/wp\/v2\/posts\/12855\/revisions\/12858"}],"wp:featuredmedia":[{"embeddable":true,"href":"https:\/\/www.muricionline.com.br\/novo\/index.php?rest_route=\/wp\/v2\/media\/12856"}],"wp:attachment":[{"href":"https:\/\/www.muricionline.com.br\/novo\/index.php?rest_route=%2Fwp%2Fv2%2Fmedia&parent=12855"}],"wp:term":[{"taxonomy":"category","embeddable":true,"href":"https:\/\/www.muricionline.com.br\/novo\/index.php?rest_route=%2Fwp%2Fv2%2Fcategories&post=12855"},{"taxonomy":"post_tag","embeddable":true,"href":"https:\/\/www.muricionline.com.br\/novo\/index.php?rest_route=%2Fwp%2Fv2%2Ftags&post=12855"}],"curies":[{"name":"wp","href":"https:\/\/api.w.org\/{rel}","templated":true}]}}