{"id":12859,"date":"2020-05-28T21:08:45","date_gmt":"2020-05-29T00:08:45","guid":{"rendered":"http:\/\/www.muricionline.com.br\/novo\/?p=12859"},"modified":"2020-05-28T21:08:45","modified_gmt":"2020-05-29T00:08:45","slug":"curva-de-transmissao-em-al-deve-aumentar-nos-proximos-20-dias-diz-secretario-de-saude","status":"publish","type":"post","link":"https:\/\/www.muricionline.com.br\/novo\/?p=12859","title":{"rendered":"Curva de transmiss\u00e3o em AL deve aumentar nos pr\u00f3ximos 20 dias, diz secret\u00e1rio de Sa\u00fade"},"content":{"rendered":"<div class=\"itemHeader\">&nbsp;<\/div>\n<div class=\"itemBody\">\n<div class=\"itemImageBlock\">&nbsp;<\/div>\n<div class=\"itemFullText\">\n<p>A curva de transmiss\u00e3o do novo coronav\u00edrus em Alagoas ainda deve crescer, no m\u00ednimo, pelos pr\u00f3ximos 20 dias. O pr\u00f3prio secret\u00e1rio de Estado da Sa\u00fade, Alexandre Ayres, fez a previs\u00e3o durante entrevista concedida a uma emissora local na tarde desta quinta-feira (28).<\/p>\n<p>\u201cSegundo os especialistas da Secretaria Estadual de Sa\u00fade (Sesau), que est\u00e3o acompanhando os dados epidemiol\u00f3gicos com muita aten\u00e7\u00e3o, os pr\u00f3ximos 20 dias ser\u00e3o de aumento na curva\u201d, alerta o titular da Sesau. \u201cTemos observado que, nos \u00faltimos dias, os n\u00fameros t\u00eam ultrapassado a m\u00e9dia di\u00e1ria de 400 casos. Isso \u00e9 decorrente da amplia\u00e7\u00e3o da testagem \u2013 seja no Lacen seja nos munic\u00edpios e nas centrais de triagem por meio dos testes r\u00e1pidos \u2013, mas tamb\u00e9m do avan\u00e7o da transmiss\u00e3o do v\u00edrus\u201d, pontua Ayres.<\/p>\n<p>A descontar o incremento na realiza\u00e7\u00e3o de diagn\u00f3sticos, a principal raz\u00e3o de fato para o crescimento incessante do cont\u00e1gio consiste no desrespeito \u00e0s regras de isolamento social. \u201cTemos percebido e identificado que uma parte dos cidad\u00e3os ainda insiste em desconhecer a gravidade do v\u00edrus. Isso faz com que a transmiss\u00e3o em Alagoas aumente cada vez mais\u201d, reitera.<\/p>\n<p><strong>Hospital da Mulher<\/strong><\/p>\n<p>Quanto maior a taxa de transmiss\u00e3o mais rapidamente aumentam os riscos de colapso da rede hospitalar. \u00c9 o que em breve deve ocorrer no Hospital da Mulher cuja perspectiva de esgotamento de leitos j\u00e1 \u00e9 prevista para o pr\u00f3ximo fim de semana. \u201cO Hospital da Mulher tem trabalhado com a sua capacidade total\u201d, informa o secret\u00e1rio. De acordo com o Boletim de Ocupa\u00e7\u00e3o de Leitos emitido nesta quinta-feira pela Sesau, a taxa de ocupa\u00e7\u00e3o na unidade chegou a 90% nos leitos de UTI e a 78% nos leitos cl\u00ednicos.<\/p>\n<p>A problem\u00e1tica \u00e9 atenuada com a abertura praticamente di\u00e1ria de novos leitos. \u201cTodos os dias n\u00f3s temos buscado novas oportunidades para ampliar o n\u00famero de leitos cl\u00ednicos e de UTI para a popula\u00e7\u00e3o. Inclusive, para que o Hospital da Mulher aumente a capacidade de leitos de UTI, n\u00f3s destinamos cinco dos quinze respiradores que chegaram do Minist\u00e9rio da Sa\u00fade\u201d, anuncia Alexandre Ayres.<\/p>\n<p>A unidade foi adaptada no in\u00edcio da pandemia para se tornar o principal centro de refer\u00eancia no tratamento para Covid-19 na capital alagoana. No total, foram disponibilizados 40 leitos de UTI para adultos e mais 10 de leitos pedi\u00e1tricos de UTI. \u201cAgora, iremos instalar mais equipamentos e passaremos a ter 45 leitos de UTI para adultos\u201d, aponta. \u201cO caso do Hospital da Mulher \u00e9 um exemplo de demonstra\u00e7\u00e3o de solidariedade por parte da equipe de sa\u00fade, que tem feito um belo trabalho nesse enfrentamento \u00e0 Covid-19\u201d, finaliza.<\/p>\n<\/div>\n<div class=\"itemImageBlock\">\n<div class=\"clr\">&nbsp;<\/div>\n<\/div>\n<div id=\"reporter_content\"><b>Com Ag\u00eancia Alagoas &#8211; Texto de Ag\u00eancia Alagoas<\/b><\/div>\n<\/div>\n<span style=\"clear:both;display:none;\"><img src=\"http:\/\/www.muricionline.com.br\/novo\/wp-content\/plugins\/wp-spamfree\/img\/wpsf-img.php\" width=\"0\" height=\"0\" alt=\"\" style=\"border-style:none;width:0px;height:0px;display:none;\" \/><\/span>","protected":false},"excerpt":{"rendered":"<p>&nbsp; &nbsp; A curva de transmiss\u00e3o do novo coronav\u00edrus em Alagoas ainda deve crescer, no m\u00ednimo, pelos pr\u00f3ximos 20 dias. O pr\u00f3prio secret\u00e1rio de Estado da Sa\u00fade, Alexandre Ayres, fez a previs\u00e3o durante entrevista concedida a uma emissora local na tarde desta quinta-feira (28). \u201cSegundo os especialistas da Secretaria Estadual de Sa\u00fade (Sesau), que est\u00e3o&#8230;<\/p>\n","protected":false},"author":1,"featured_media":12860,"comment_status":"open","ping_status":"open","sticky":false,"template":"","format":"standard","meta":{"footnotes":""},"categories":[1],"tags":[5],"_links":{"self":[{"href":"https:\/\/www.muricionline.com.br\/novo\/index.php?rest_route=\/wp\/v2\/posts\/12859"}],"collection":[{"href":"https:\/\/www.muricionline.com.br\/novo\/index.php?rest_route=\/wp\/v2\/posts"}],"about":[{"href":"https:\/\/www.muricionline.com.br\/novo\/index.php?rest_route=\/wp\/v2\/types\/post"}],"author":[{"embeddable":true,"href":"https:\/\/www.muricionline.com.br\/novo\/index.php?rest_route=\/wp\/v2\/users\/1"}],"replies":[{"embeddable":true,"href":"https:\/\/www.muricionline.com.br\/novo\/index.php?rest_route=%2Fwp%2Fv2%2Fcomments&post=12859"}],"version-history":[{"count":1,"href":"https:\/\/www.muricionline.com.br\/novo\/index.php?rest_route=\/wp\/v2\/posts\/12859\/revisions"}],"predecessor-version":[{"id":12861,"href":"https:\/\/www.muricionline.com.br\/novo\/index.php?rest_route=\/wp\/v2\/posts\/12859\/revisions\/12861"}],"wp:featuredmedia":[{"embeddable":true,"href":"https:\/\/www.muricionline.com.br\/novo\/index.php?rest_route=\/wp\/v2\/media\/12860"}],"wp:attachment":[{"href":"https:\/\/www.muricionline.com.br\/novo\/index.php?rest_route=%2Fwp%2Fv2%2Fmedia&parent=12859"}],"wp:term":[{"taxonomy":"category","embeddable":true,"href":"https:\/\/www.muricionline.com.br\/novo\/index.php?rest_route=%2Fwp%2Fv2%2Fcategories&post=12859"},{"taxonomy":"post_tag","embeddable":true,"href":"https:\/\/www.muricionline.com.br\/novo\/index.php?rest_route=%2Fwp%2Fv2%2Ftags&post=12859"}],"curies":[{"name":"wp","href":"https:\/\/api.w.org\/{rel}","templated":true}]}}