{"id":12902,"date":"2020-06-07T15:54:43","date_gmt":"2020-06-07T18:54:43","guid":{"rendered":"http:\/\/www.muricionline.com.br\/novo\/?p=12902"},"modified":"2020-06-07T15:54:43","modified_gmt":"2020-06-07T18:54:43","slug":"parceria-com-a-equatorial-garante-eficiencia-eletrica-no-hospital-de-campanha-de-sao-jose-da-laje","status":"publish","type":"post","link":"https:\/\/www.muricionline.com.br\/novo\/?p=12902","title":{"rendered":"Parceria com a Equatorial garante efici\u00eancia el\u00e9trica no hospital de campanha de S\u00e3o Jos\u00e9 da Laje"},"content":{"rendered":"<p>&nbsp;<\/p>\n<p>O Hospital de Campanha de S\u00e3o Jos\u00e9 da Laje, munic\u00edpio localizado na zona da mata do Estado, foi inaugurado no \u00faltimo domingo (31), para atender exclusivamente pacientes com a Covid-19. A inaugura\u00e7\u00e3o contou com a presen\u00e7a do prefeito Rodrigo Valen\u00e7a que tamb\u00e9m entregou um carro zero km para dar assist\u00eancia \u00e0s fam\u00edlias que possuem casos confirmados da Covid-19.<\/p>\n<p><a href=\"http:\/\/www.muricionline.com.br\/novo\/wp-content\/uploads\/2020\/06\/92B50139-ED87-48D6-813A-3A1D9DAD2251.jpeg\"><img loading=\"lazy\" decoding=\"async\" class=\"aligncenter size-full wp-image-12903\" src=\"http:\/\/www.muricionline.com.br\/novo\/wp-content\/uploads\/2020\/06\/92B50139-ED87-48D6-813A-3A1D9DAD2251.jpeg\" alt=\"\" width=\"1280\" height=\"720\" srcset=\"https:\/\/www.muricionline.com.br\/novo\/wp-content\/uploads\/2020\/06\/92B50139-ED87-48D6-813A-3A1D9DAD2251.jpeg 1280w, https:\/\/www.muricionline.com.br\/novo\/wp-content\/uploads\/2020\/06\/92B50139-ED87-48D6-813A-3A1D9DAD2251-300x169.jpeg 300w, https:\/\/www.muricionline.com.br\/novo\/wp-content\/uploads\/2020\/06\/92B50139-ED87-48D6-813A-3A1D9DAD2251-768x432.jpeg 768w, https:\/\/www.muricionline.com.br\/novo\/wp-content\/uploads\/2020\/06\/92B50139-ED87-48D6-813A-3A1D9DAD2251-1024x576.jpeg 1024w\" sizes=\"(max-width: 1280px) 100vw, 1280px\" \/><\/a><\/p>\n<p>\u201cEstamos enfrentando uma situa\u00e7\u00e3o de emerg\u00eancia em sa\u00fade, nossa maior preocupa\u00e7\u00e3o \u00e9 a popula\u00e7\u00e3o, e assim, formalizamos uma parceria junto a Equatorial, a fim de garantir efici\u00eancia e desempenho no funcionamento do Hospital de Campanha de nossa cidade\u201d, disse Rodrigo Valen\u00e7a.<\/p>\n<p><a href=\"http:\/\/www.muricionline.com.br\/novo\/wp-content\/uploads\/2020\/06\/D40E07B9-D9A6-4020-B4E9-6753A3857DF5.jpeg\"><img loading=\"lazy\" decoding=\"async\" class=\"aligncenter size-full wp-image-12904\" src=\"http:\/\/www.muricionline.com.br\/novo\/wp-content\/uploads\/2020\/06\/D40E07B9-D9A6-4020-B4E9-6753A3857DF5.jpeg\" alt=\"\" width=\"1500\" height=\"1000\" srcset=\"https:\/\/www.muricionline.com.br\/novo\/wp-content\/uploads\/2020\/06\/D40E07B9-D9A6-4020-B4E9-6753A3857DF5.jpeg 1500w, https:\/\/www.muricionline.com.br\/novo\/wp-content\/uploads\/2020\/06\/D40E07B9-D9A6-4020-B4E9-6753A3857DF5-300x200.jpeg 300w, https:\/\/www.muricionline.com.br\/novo\/wp-content\/uploads\/2020\/06\/D40E07B9-D9A6-4020-B4E9-6753A3857DF5-768x512.jpeg 768w, https:\/\/www.muricionline.com.br\/novo\/wp-content\/uploads\/2020\/06\/D40E07B9-D9A6-4020-B4E9-6753A3857DF5-1024x683.jpeg 1024w\" sizes=\"(max-width: 1500px) 100vw, 1500px\" \/><\/a><\/p>\n<p>A parceria se consolidou no intuito de suprir eventuais quedas no fornecimento de energia el\u00e9trica, e evitar que o atendimento aos pacientes seja prejudicado. A Secretaria Municipal da Sa\u00fade intermediou junto a Equatorial Distribui\u00e7\u00e3o Alagoas, e realizou a instala\u00e7\u00e3o do transformador exclusivamente para o Hospital de Campanha. A Unidade Hospitalar ainda conta com um gerador de energia pr\u00f3prio.<\/p>\n<p>&nbsp;<\/p>\n<p>Por SECOM &#8211; S\u00e3o Jos\u00e9 da Laje\/AL<\/p>\n<span style=\"clear:both;display:none;\"><img src=\"http:\/\/www.muricionline.com.br\/novo\/wp-content\/plugins\/wp-spamfree\/img\/wpsf-img.php\" width=\"0\" height=\"0\" alt=\"\" style=\"border-style:none;width:0px;height:0px;display:none;\" \/><\/span>","protected":false},"excerpt":{"rendered":"<p>&nbsp; O Hospital de Campanha de S\u00e3o Jos\u00e9 da Laje, munic\u00edpio localizado na zona da mata do Estado, foi inaugurado no \u00faltimo domingo (31), para atender exclusivamente pacientes com a Covid-19. A inaugura\u00e7\u00e3o contou com a presen\u00e7a do prefeito Rodrigo Valen\u00e7a que tamb\u00e9m entregou um carro zero km para dar assist\u00eancia \u00e0s fam\u00edlias que possuem&#8230;<\/p>\n","protected":false},"author":1,"featured_media":12905,"comment_status":"open","ping_status":"open","sticky":false,"template":"","format":"standard","meta":{"footnotes":""},"categories":[1],"tags":[5],"_links":{"self":[{"href":"https:\/\/www.muricionline.com.br\/novo\/index.php?rest_route=\/wp\/v2\/posts\/12902"}],"collection":[{"href":"https:\/\/www.muricionline.com.br\/novo\/index.php?rest_route=\/wp\/v2\/posts"}],"about":[{"href":"https:\/\/www.muricionline.com.br\/novo\/index.php?rest_route=\/wp\/v2\/types\/post"}],"author":[{"embeddable":true,"href":"https:\/\/www.muricionline.com.br\/novo\/index.php?rest_route=\/wp\/v2\/users\/1"}],"replies":[{"embeddable":true,"href":"https:\/\/www.muricionline.com.br\/novo\/index.php?rest_route=%2Fwp%2Fv2%2Fcomments&post=12902"}],"version-history":[{"count":1,"href":"https:\/\/www.muricionline.com.br\/novo\/index.php?rest_route=\/wp\/v2\/posts\/12902\/revisions"}],"predecessor-version":[{"id":12906,"href":"https:\/\/www.muricionline.com.br\/novo\/index.php?rest_route=\/wp\/v2\/posts\/12902\/revisions\/12906"}],"wp:featuredmedia":[{"embeddable":true,"href":"https:\/\/www.muricionline.com.br\/novo\/index.php?rest_route=\/wp\/v2\/media\/12905"}],"wp:attachment":[{"href":"https:\/\/www.muricionline.com.br\/novo\/index.php?rest_route=%2Fwp%2Fv2%2Fmedia&parent=12902"}],"wp:term":[{"taxonomy":"category","embeddable":true,"href":"https:\/\/www.muricionline.com.br\/novo\/index.php?rest_route=%2Fwp%2Fv2%2Fcategories&post=12902"},{"taxonomy":"post_tag","embeddable":true,"href":"https:\/\/www.muricionline.com.br\/novo\/index.php?rest_route=%2Fwp%2Fv2%2Ftags&post=12902"}],"curies":[{"name":"wp","href":"https:\/\/api.w.org\/{rel}","templated":true}]}}