{"id":12910,"date":"2020-06-10T05:15:05","date_gmt":"2020-06-10T08:15:05","guid":{"rendered":"http:\/\/www.muricionline.com.br\/novo\/?p=12910"},"modified":"2020-06-10T05:15:05","modified_gmt":"2020-06-10T08:15:05","slug":"governador-defende-que-auxilio-emergencial-a-populacao-seja-mantido-por-mais-meses","status":"publish","type":"post","link":"https:\/\/www.muricionline.com.br\/novo\/?p=12910","title":{"rendered":"Governador defende que Aux\u00edlio Emergencial \u00e0 popula\u00e7\u00e3o seja mantido por mais meses"},"content":{"rendered":"<div class=\"itemHeader\">&nbsp;<\/div>\n<div class=\"itemBody\">\n<div class=\"itemFullText\">\n<p>O governador Renan Filho afirmou nesta ter\u00e7a-feira (09), em entrevista \u00e0 CNN Brasil, que \u00e9 fundamental que o pa\u00eds intensifique os programas de transfer\u00eancia de renda, a exemplo do Aux\u00edlio Emergencial de R$ 600, para que a atividade econ\u00f4mica \u2013 afetada pela pandemia do novo coronav\u00edrus \u2013 seja retomada no Brasil. Renan Filho levantou, ainda, a necessidade de se remodelar e aperfei\u00e7oar a rede de prote\u00e7\u00e3o social nos pr\u00f3ximos anos.<\/p>\n<p>\u201c\u00c9 fundamental que o Estado brasileiro aprimore a rede de prote\u00e7\u00e3o social, se aproxime de quem mais precisa, diminua as desigualdades regionais, unifique programas e potencialize essas transfer\u00eancias de renda no curto prazo, de maneira que colaborem para a retomada da economia\u201d, sustentou Renan Filho.<\/p>\n<p>Ele participou, ao lado do governador do Maranh\u00e3o, Fl\u00e1vio Dino, de um debate acerca das medidas de enfrentamento \u00e0 pandemia, promovido pelo canal de televis\u00e3o CNN Brasil no programa jornal\u00edstico Novo Dia. Renan Filho considera que garantir transfer\u00eancia de renda aos mais pobres nesse momento significa ajudar na recupera\u00e7\u00e3o econ\u00f4mica do pa\u00eds.<\/p>\n<p>\u201cNo m\u00e9dio prazo, essa despesa precisa ser estabilizada com rela\u00e7\u00e3o \u00e0 receita, mas, no curto prazo, ser\u00e1 fundamental para ajudar as pessoas nesse momento de pandemia. O Brasil s\u00f3 sair\u00e1 dessa crise no curto prazo se criarmos condi\u00e7\u00e3o para o povo voltar a comprar e a demanda crescer\u201d, disse, defendendo a manuten\u00e7\u00e3o do Aux\u00edlio Emergencial de R$ 600.<\/p>\n<p><img decoding=\"async\" class=\"jg_photo\" src=\"http:\/\/agenciaalagoas.al.gov.br\/component\/joomgallery\/image?view=image&amp;format=raw&amp;id=45953&amp;type=img\" alt=\"Fotos: M\u00e1rcio Ferreira\"><\/p>\n<p>Ele ressaltou, por\u00e9m, que \u00e9 preciso manter os requisitos de austeridade fiscal e, ap\u00f3s a pandemia, trabalhar pela estabiliza\u00e7\u00e3o da rela\u00e7\u00e3o d\u00edvida\/PIB, de maneira a manter a confian\u00e7a na economia para que o pa\u00eds receba investimentos dom\u00e9sticos e tamb\u00e9m internacionais, intensificando a gera\u00e7\u00e3o de empregos.<\/p>\n<p>\u201cSer\u00e1 fundamental manter o Aux\u00edlio Emergencial por mais meses e mais do que isso: pensar numa remodelagem para os pr\u00f3ximos anos no Brasil, de maneira que a gente inclua, cada vez mais, aquelas pessoas que s\u00e3o exclu\u00eddas do or\u00e7amento federal como forma de prote\u00e7\u00e3o social\u201d, concluiu.<\/p>\n<p>Paralelamente a essas medidas, Renan Filho disse que o pa\u00eds necessita, de forma equilibrada, manter a premissa da austeridade fiscal e a retomada da agenda de reformas, especialmente duas: a tribut\u00e1ria e a administrativa: \u201cAs reformas v\u00e3o garantir mais agilidade ao Estado e um peso menor para que seja mais eficiente e atenda mais a quem precisa\u201d.<\/p>\n<p><strong>Pereniza\u00e7\u00e3o<\/strong><\/p>\n<p>O governador do Maranh\u00e3o tamb\u00e9m defendeu a manuten\u00e7\u00e3o do Aux\u00edlio Emergencial de R$ 600. Fl\u00e1vio Dino lembrou, entretanto, que a proposta inicial do Governo Federal era de repassar a quantia de apenas R$ 200 mensais e que o atual valor s\u00f3 foi estabelecido ap\u00f3s intenso debate parlamentar.<\/p>\n<p>Al\u00e9m de defender a prorroga\u00e7\u00e3o da renda emergencial, Dino prop\u00f5e a \u201cpereniza\u00e7\u00e3o\u201d do aux\u00edlio. Ele citou como exemplo a Argentina que, segundo ele, tem recorrido a mecanismos tribut\u00e1rios progressivos para isso.<\/p>\n<p>\u201cCreio que um empr\u00e9stimo compuls\u00f3rio sobre os bancos, sobre o capital financeiro, previsto do Artigo 148 da Constitui\u00e7\u00e3o Federal, seria uma medida acertada, ou seja, fazer com que os bancos \u2013 que concentram hoje muito dinheiro, uma lucratividade muito alta \u2013 possam ajudar na manuten\u00e7\u00e3o da renda b\u00e1sica por mais tempo e num valor de R$ 600, porque consideramos que isso \u00e9 socialmente justo e acima de tudo \u00e9 economicamente inteligente, pois garante o poder aquisitivo da popula\u00e7\u00e3o para ativar a economia\u201d, defendeu Fl\u00e1vio Dino.<\/p>\n<p>&nbsp;<\/p>\n<\/div>\n<p>Com Ag\u00eancia Alagoas&nbsp;<\/p>\n<p>Fotos: M\u00e1rcio Ferreira&nbsp;<\/p>\n<\/div>\n<span style=\"clear:both;display:none;\"><img src=\"http:\/\/www.muricionline.com.br\/novo\/wp-content\/plugins\/wp-spamfree\/img\/wpsf-img.php\" width=\"0\" height=\"0\" alt=\"\" style=\"border-style:none;width:0px;height:0px;display:none;\" \/><\/span>","protected":false},"excerpt":{"rendered":"<p>&nbsp; O governador Renan Filho afirmou nesta ter\u00e7a-feira (09), em entrevista \u00e0 CNN Brasil, que \u00e9 fundamental que o pa\u00eds intensifique os programas de transfer\u00eancia de renda, a exemplo do Aux\u00edlio Emergencial de R$ 600, para que a atividade econ\u00f4mica \u2013 afetada pela pandemia do novo coronav\u00edrus \u2013 seja retomada no Brasil. Renan Filho levantou,&#8230;<\/p>\n","protected":false},"author":1,"featured_media":12911,"comment_status":"open","ping_status":"open","sticky":false,"template":"","format":"standard","meta":{"footnotes":""},"categories":[7,1],"tags":[5],"_links":{"self":[{"href":"https:\/\/www.muricionline.com.br\/novo\/index.php?rest_route=\/wp\/v2\/posts\/12910"}],"collection":[{"href":"https:\/\/www.muricionline.com.br\/novo\/index.php?rest_route=\/wp\/v2\/posts"}],"about":[{"href":"https:\/\/www.muricionline.com.br\/novo\/index.php?rest_route=\/wp\/v2\/types\/post"}],"author":[{"embeddable":true,"href":"https:\/\/www.muricionline.com.br\/novo\/index.php?rest_route=\/wp\/v2\/users\/1"}],"replies":[{"embeddable":true,"href":"https:\/\/www.muricionline.com.br\/novo\/index.php?rest_route=%2Fwp%2Fv2%2Fcomments&post=12910"}],"version-history":[{"count":1,"href":"https:\/\/www.muricionline.com.br\/novo\/index.php?rest_route=\/wp\/v2\/posts\/12910\/revisions"}],"predecessor-version":[{"id":12912,"href":"https:\/\/www.muricionline.com.br\/novo\/index.php?rest_route=\/wp\/v2\/posts\/12910\/revisions\/12912"}],"wp:featuredmedia":[{"embeddable":true,"href":"https:\/\/www.muricionline.com.br\/novo\/index.php?rest_route=\/wp\/v2\/media\/12911"}],"wp:attachment":[{"href":"https:\/\/www.muricionline.com.br\/novo\/index.php?rest_route=%2Fwp%2Fv2%2Fmedia&parent=12910"}],"wp:term":[{"taxonomy":"category","embeddable":true,"href":"https:\/\/www.muricionline.com.br\/novo\/index.php?rest_route=%2Fwp%2Fv2%2Fcategories&post=12910"},{"taxonomy":"post_tag","embeddable":true,"href":"https:\/\/www.muricionline.com.br\/novo\/index.php?rest_route=%2Fwp%2Fv2%2Ftags&post=12910"}],"curies":[{"name":"wp","href":"https:\/\/api.w.org\/{rel}","templated":true}]}}