{"id":12913,"date":"2020-06-10T13:53:01","date_gmt":"2020-06-10T16:53:01","guid":{"rendered":"http:\/\/www.muricionline.com.br\/novo\/?p=12913"},"modified":"2020-06-10T13:53:01","modified_gmt":"2020-06-10T16:53:01","slug":"governo-prorroga-medidas-de-isolamento-ate-dia-22-e-estuda-retomada-economica","status":"publish","type":"post","link":"https:\/\/www.muricionline.com.br\/novo\/?p=12913","title":{"rendered":"Governo prorroga medidas de isolamento at\u00e9 dia 22 e estuda retomada econ\u00f4mica"},"content":{"rendered":"<div class=\"itemHeader\">&nbsp;<\/div>\n<div class=\"itemBody\">\n<div class=\"itemFullText\">\n<p>As medidas de enfrentamento \u00e0 pandemia do novo coronav\u00edrus (Covid-19) em Alagoas ser\u00e3o prorrogadas at\u00e9 o dia 22 de junho. \u00c9 o que estabelece o novo decreto governamental, que ser\u00e1 publicado na tarde desta quarta-feira (10) no Di\u00e1rio Oficial do Estado (DOE). Ao fim deste per\u00edodo, o Governo espera iniciar o plano de retomada gradual e segura das atividades econ\u00f4micas, cujo novo modelo de distanciamento social controlado e o protocolo sanit\u00e1rio ser\u00e3o publicados no pr\u00f3ximo dia 15.<\/p>\n<p>Para apresentar o decreto e anunciar as novas medidas de enfrentamento \u00e0 pandemia, o governador Renan Filho concedeu entrevista coletiva online, na manh\u00e3 desta quarta-feira (10), acompanhado pelo prefeito de Macei\u00f3, Rui Palmeira.<\/p>\n<p>\u201cEstamos criando as condi\u00e7\u00f5es para iniciar uma gradual e respons\u00e1vel abertura, que n\u00e3o amplie a curva de cont\u00e1gio pelo novo coronav\u00edrus. Tudo o que a gente n\u00e3o quer \u00e9 tentar retomar a vida com maior normalidade e depois ter que retroceder. Ent\u00e3o, at\u00e9 o dia 22, vamos organizar o novo protocolo sanit\u00e1rio e finalizar a discuss\u00e3o do plano de distanciamento social controlado para iniciar a reabertura de nossa economia sem trazer riscos ao cidad\u00e3o\u201d, ponderou Renan Filho, lembrando que o plano de retomada das atividades econ\u00f4micas em Alagoas possui cinco fases.<\/p>\n<p>Conforme o novo decreto, as aulas&nbsp;presenciais em escolas,\u202funiversidades e faculdades das redes de ensino p\u00fablica e privada est\u00e3o suspensas at\u00e9 30 de junho. Tamb\u00e9m fica mantido, at\u00e9 o dia 30, o ponto facultativo presencial aos servidores e empregados dos \u00f3rg\u00e3os e entidades da Administra\u00e7\u00e3o P\u00fablica Estadual. O expediente permanecer\u00e1 por meio do teletrabalho.<\/p>\n<p>\u201cIsso pode ser postergado para mais adiante, mas, nesse momento, at\u00e9 o final desse m\u00eas, manteremos as aulas presenciais suspensas e tamb\u00e9m o servi\u00e7o p\u00fablico funcionando por teletrabalho para reduzir a quantidade de pessoas nas ruas e impedir que o v\u00edrus volte a crescer em Alagoas, sobretudo demandando a rede hospitalar e levando pessoas a casos graves e mortes\u201d, declarou Renan Filho.<\/p>\n<p>As demais regras permanecem as mesmas da vers\u00e3o anterior do documento normativo e seguir\u00e3o em vigor at\u00e9 as 23h59 do dia 22 de junho, podendo ser prorrogadas ao final desse per\u00edodo.&nbsp;Elas refor\u00e7am, justamente, as medidas que visam salvar vidas, sobretudo por meio do distanciamento social. O procedimento \u00e9 considerado o mais eficaz pela ci\u00eancia, pois impede que a curva de cont\u00e1gio pelo novo coronav\u00edrus cres\u00e7a e provoque o colapso do sistema de sa\u00fade.<\/p>\n<p>\u201cNeste novo decreto, vamos seguir intensificando as fiscaliza\u00e7\u00f5es. Fortaleceremos ainda mais esse trabalho na Regi\u00e3o Metropolitana de Arapiraca, dado que o interior recebe, ao longo dos \u00faltimos dias, a interioriza\u00e7\u00e3o do v\u00edrus, mesmo com todas as provid\u00eancias de interrup\u00e7\u00e3o dos transportes de passageiros, que ter\u00e1 de ser levada por mais alguns dias\u201d, pontuou o governador.<\/p>\n<p>O prefeito de Macei\u00f3 destacou o trabalho desenvolvido em conjunto com o Governo do Estado para o enfrentamento da pandemia. \u201cJ\u00e1 h\u00e1 algumas semanas o grupo de trabalho formado por secret\u00e1rios estaduais e municipais vem ouvindo o setor produtivo da nossa capital. A gente est\u00e1 tomando medidas baseadas em dados e n\u00fameros\u201d, enfatizou Rui Palmeira.<\/p>\n<p>Por fim, o governador de Alagoas voltou a fazer uma apelo para que as pessoas mantenham o distanciamento social para evitar o aumento da curva de cont\u00e1gio pelo novo coronav\u00edrus e o consequente colapso da rede hospitalar.<\/p>\n<p>Tem muito gente que ainda acha que esse v\u00edrus n\u00e3o \u00e9 perigoso, que pode sair, n\u00e3o acredita. Esse v\u00edrus \u00e9 trai\u00e7oeiro. Dentro de uma mesma casa, ele atinge as pessoas diferentemente: um pode ter sintomas leves e outro, sintomas graves, podendo at\u00e9 necessitar de uma UTI e chegar a morrer\u201d, alertou o governador. &nbsp;<\/p>\n<p><b>Infra\u00e7\u00f5es e multas<\/b><\/p>\n<p>Desde os primeiros decretos, as for\u00e7as policiais passaram a fiscalizar rodovias, transporte coletivo, logradouros p\u00fablicos, estabelecimentos, feiras livres e demais localidades com potencial apelo para aglomera\u00e7\u00f5es ou funcionamento ilegal durante a pandemia.<\/p>\n<p>Como j\u00e1 previsto anteriormente, os infratores podem ser alvo de san\u00e7\u00f5es penais e administrativas como&nbsp;multa,&nbsp;apreens\u00e3o, interdi\u00e7\u00e3o e o emprego de for\u00e7a policial, bem como, serem responsabilizados civil e penalmente, pela caracteriza\u00e7\u00e3o de crime contra a sa\u00fade p\u00fablica, tipificado no art. 268 do C\u00f3digo Penal e Civil.&nbsp;<\/p>\n<p>As multas podem variar entre R$5 mil (pessoa f\u00edsica) e R$50 mil (pessoa jur\u00eddica) por dia. Den\u00fancias podem ser feitas pela popula\u00e7\u00e3o por meio do n\u00famero 181 ou pelo 190, em casos de flagrantes. As aulas nas escolas continuam suspensas e as regras para utiliza\u00e7\u00e3o do transporte coletivo e estabelecimentos comerciais autorizados a funcionar est\u00e3o mantidas.<\/p>\n<p>&nbsp;<\/p>\n<\/div>\n<p>Com Ag\u00eancia Alagoas&nbsp;<\/p>\n<\/div>\n<span style=\"clear:both;display:none;\"><img src=\"http:\/\/www.muricionline.com.br\/novo\/wp-content\/plugins\/wp-spamfree\/img\/wpsf-img.php\" width=\"0\" height=\"0\" alt=\"\" style=\"border-style:none;width:0px;height:0px;display:none;\" \/><\/span>","protected":false},"excerpt":{"rendered":"<p>&nbsp; As medidas de enfrentamento \u00e0 pandemia do novo coronav\u00edrus (Covid-19) em Alagoas ser\u00e3o prorrogadas at\u00e9 o dia 22 de junho. \u00c9 o que estabelece o novo decreto governamental, que ser\u00e1 publicado na tarde desta quarta-feira (10) no Di\u00e1rio Oficial do Estado (DOE). Ao fim deste per\u00edodo, o Governo espera iniciar o plano de retomada&#8230;<\/p>\n","protected":false},"author":1,"featured_media":12914,"comment_status":"open","ping_status":"open","sticky":false,"template":"","format":"standard","meta":{"footnotes":""},"categories":[7,1],"tags":[5],"_links":{"self":[{"href":"https:\/\/www.muricionline.com.br\/novo\/index.php?rest_route=\/wp\/v2\/posts\/12913"}],"collection":[{"href":"https:\/\/www.muricionline.com.br\/novo\/index.php?rest_route=\/wp\/v2\/posts"}],"about":[{"href":"https:\/\/www.muricionline.com.br\/novo\/index.php?rest_route=\/wp\/v2\/types\/post"}],"author":[{"embeddable":true,"href":"https:\/\/www.muricionline.com.br\/novo\/index.php?rest_route=\/wp\/v2\/users\/1"}],"replies":[{"embeddable":true,"href":"https:\/\/www.muricionline.com.br\/novo\/index.php?rest_route=%2Fwp%2Fv2%2Fcomments&post=12913"}],"version-history":[{"count":1,"href":"https:\/\/www.muricionline.com.br\/novo\/index.php?rest_route=\/wp\/v2\/posts\/12913\/revisions"}],"predecessor-version":[{"id":12915,"href":"https:\/\/www.muricionline.com.br\/novo\/index.php?rest_route=\/wp\/v2\/posts\/12913\/revisions\/12915"}],"wp:featuredmedia":[{"embeddable":true,"href":"https:\/\/www.muricionline.com.br\/novo\/index.php?rest_route=\/wp\/v2\/media\/12914"}],"wp:attachment":[{"href":"https:\/\/www.muricionline.com.br\/novo\/index.php?rest_route=%2Fwp%2Fv2%2Fmedia&parent=12913"}],"wp:term":[{"taxonomy":"category","embeddable":true,"href":"https:\/\/www.muricionline.com.br\/novo\/index.php?rest_route=%2Fwp%2Fv2%2Fcategories&post=12913"},{"taxonomy":"post_tag","embeddable":true,"href":"https:\/\/www.muricionline.com.br\/novo\/index.php?rest_route=%2Fwp%2Fv2%2Ftags&post=12913"}],"curies":[{"name":"wp","href":"https:\/\/api.w.org\/{rel}","templated":true}]}}