{"id":19677,"date":"2023-03-23T11:13:14","date_gmt":"2023-03-23T14:13:14","guid":{"rendered":"http:\/\/www.muricionline.com.br\/novo\/?p=19677"},"modified":"2023-03-23T11:13:14","modified_gmt":"2023-03-23T14:13:14","slug":"profissionais-da-educacao-de-santana-do-mundau-participam-de-formacao-sobre-livro-cidade-da-gente","status":"publish","type":"post","link":"https:\/\/www.muricionline.com.br\/novo\/?p=19677","title":{"rendered":"Profissionais da Educa\u00e7\u00e3o de Santana do Munda\u00fa participam de forma\u00e7\u00e3o sobre livro \u2018Cidade da Gente\u2019"},"content":{"rendered":"<p>Os profissionais da Educa\u00e7\u00e3o do munic\u00edpio de Santana do Munda\u00fa participaram, nesta quarta-feira (22), da forma\u00e7\u00e3o pedag\u00f3gica do livro \u2018Santana do Munda\u00fa &#8211; Cidade da Gente\u2019, realizada pela Secretaria Municipal de Educa\u00e7\u00e3o, em parceria com a Did\u00e1tica Editora. A capacita\u00e7\u00e3o foi ministrada pelo professor e mestre em ci\u00eancias da educa\u00e7\u00e3o, Felipe Valoz, e contou com a participa\u00e7\u00e3o dos autores Ana Maria Cavalcanti e C\u00edcero Manoel.<\/p>\n<p>A primeira-dama e uma das coordenadoras da produ\u00e7\u00e3o do livro, Katherine Farias, explicou que o objetivo \u00e9 capacitar professores, coordenadores e gestores, para fazer uso da obra em sala de aula, como fonte de pesquisa sobre a hist\u00f3ria e cultura da cidade.<\/p>\n<p>\u201cDessa forma, garantimos que os estudantes do 1\u00ba ao 9\u00ba anos, tenham acesso \u00e0 hist\u00f3ria e cultura de Santana do Munda\u00fa, e conhe\u00e7am a trajet\u00f3ria e marcos importantes de pessoas que ajudaram a construir a nossa cidade. Os profissionais j\u00e1 est\u00e3o aptos a trabalharem o livro em sala de aula e capacitados para contribu\u00edrem para que nossos alunos mergulhem nas riqu\u00edssimas 156 p\u00e1ginas que a obra liter\u00e1ria cont\u00e9m\u201d, destacou.<\/p>\n<p>&nbsp;<\/p>\n<p>Com Assessoria&nbsp;<\/p>\n<span style=\"clear:both;display:none;\"><img src=\"http:\/\/www.muricionline.com.br\/novo\/wp-content\/plugins\/wp-spamfree\/img\/wpsf-img.php\" width=\"0\" height=\"0\" alt=\"\" style=\"border-style:none;width:0px;height:0px;display:none;\" \/><\/span>","protected":false},"excerpt":{"rendered":"<p>Os profissionais da Educa\u00e7\u00e3o do munic\u00edpio de Santana do Munda\u00fa participaram, nesta quarta-feira (22), da forma\u00e7\u00e3o pedag\u00f3gica do livro \u2018Santana do Munda\u00fa &#8211; Cidade da Gente\u2019, realizada pela Secretaria Municipal de Educa\u00e7\u00e3o, em parceria com a Did\u00e1tica Editora. A capacita\u00e7\u00e3o foi ministrada pelo professor e mestre em ci\u00eancias da educa\u00e7\u00e3o, Felipe Valoz, e contou com&#8230;<\/p>\n","protected":false},"author":1,"featured_media":19678,"comment_status":"open","ping_status":"open","sticky":false,"template":"","format":"standard","meta":{"footnotes":""},"categories":[1],"tags":[5],"_links":{"self":[{"href":"https:\/\/www.muricionline.com.br\/novo\/index.php?rest_route=\/wp\/v2\/posts\/19677"}],"collection":[{"href":"https:\/\/www.muricionline.com.br\/novo\/index.php?rest_route=\/wp\/v2\/posts"}],"about":[{"href":"https:\/\/www.muricionline.com.br\/novo\/index.php?rest_route=\/wp\/v2\/types\/post"}],"author":[{"embeddable":true,"href":"https:\/\/www.muricionline.com.br\/novo\/index.php?rest_route=\/wp\/v2\/users\/1"}],"replies":[{"embeddable":true,"href":"https:\/\/www.muricionline.com.br\/novo\/index.php?rest_route=%2Fwp%2Fv2%2Fcomments&post=19677"}],"version-history":[{"count":1,"href":"https:\/\/www.muricionline.com.br\/novo\/index.php?rest_route=\/wp\/v2\/posts\/19677\/revisions"}],"predecessor-version":[{"id":19679,"href":"https:\/\/www.muricionline.com.br\/novo\/index.php?rest_route=\/wp\/v2\/posts\/19677\/revisions\/19679"}],"wp:featuredmedia":[{"embeddable":true,"href":"https:\/\/www.muricionline.com.br\/novo\/index.php?rest_route=\/wp\/v2\/media\/19678"}],"wp:attachment":[{"href":"https:\/\/www.muricionline.com.br\/novo\/index.php?rest_route=%2Fwp%2Fv2%2Fmedia&parent=19677"}],"wp:term":[{"taxonomy":"category","embeddable":true,"href":"https:\/\/www.muricionline.com.br\/novo\/index.php?rest_route=%2Fwp%2Fv2%2Fcategories&post=19677"},{"taxonomy":"post_tag","embeddable":true,"href":"https:\/\/www.muricionline.com.br\/novo\/index.php?rest_route=%2Fwp%2Fv2%2Ftags&post=19677"}],"curies":[{"name":"wp","href":"https:\/\/api.w.org\/{rel}","templated":true}]}}