{"id":19680,"date":"2023-03-23T11:43:22","date_gmt":"2023-03-23T14:43:22","guid":{"rendered":"http:\/\/www.muricionline.com.br\/novo\/?p=19680"},"modified":"2023-03-23T11:43:22","modified_gmt":"2023-03-23T14:43:22","slug":"sesau-leva-servicos-de-saude-para-circuito-cria-em-santana-do-ipanema","status":"publish","type":"post","link":"https:\/\/www.muricionline.com.br\/novo\/?p=19680","title":{"rendered":"Sesau leva servi\u00e7os de sa\u00fade para Circuito Cria, em Santana do Ipanema"},"content":{"rendered":"<p>A assist\u00eancia em sa\u00fade para crian\u00e7as e gestantes de Santana do Ipanema, no Sert\u00e3o de Alagoas, ganhou refor\u00e7o dos profissionais da Secretaria de Estado da Sa\u00fade (Sesau), na quarta-feira (22). Isso porque, diversos servi\u00e7os foram levados \u00e0 popula\u00e7\u00e3o durante mais uma edi\u00e7\u00e3o do Circuito Cria, uma iniciativa do Governo de Alagoas, em parceria com a Prefeitura de Santana do Ipanema.<\/p>\n<p>O evento ocorreu no Centro de Conviv\u00eancia, no Largo C\u00f4nego Jos\u00e9 Bulh\u00f5es, no bairro Centro. Durante a a\u00e7\u00e3o, a Sesau disponibilizou consultas com pediatras, nutricionistas e odont\u00f3logos, al\u00e9m de prestar orienta\u00e7\u00f5es sobre Infec\u00e7\u00f5es&nbsp;Sexualmente Transmiss\u00edveis (ISTs), desenvolvimento infantil, alimenta\u00e7\u00e3o saud\u00e1vel e sa\u00fade bucal. Tamb\u00e9m foram distribu\u00eddos kits de higiene bucal e, para as gestantes, o projeto realizou pr\u00e1ticas obst\u00e9tricas humanizadas, palestras sobre aleitamento materno, alimenta\u00e7\u00e3o saud\u00e1vel e cuidados com os rec\u00e9m-nascidos.<\/p>\n<p><img decoding=\"async\" src=\"http:\/\/alagoas.al.gov.br\/imagens\/conteudos\/e8e40ac7a864c739b7f4ad5f39c1e373\/\/SESAU%20SAN%202.JPG\"><\/p>\n<p>A dona de casa Juliana Alc\u00e2ntara, de 36 anos, compareceu ao Circuito Cria com a filha Maria Isadora, de tr\u00eas meses, para acompanhamento com a pediatra. A m\u00e3e explicou que levou a pequena para consulta ap\u00f3s secre\u00e7\u00e3o exagerada nos olhos. \u201cDesde que ela nasceu que ocorre essa secre\u00e7\u00e3o e, hoje, depois do atendimento, irei come\u00e7ar um tratamento\u201d, contou. J\u00e1 a gestante Raquel Ferreira, de 21 anos, gr\u00e1vida de cinco meses, agradeceu o atendimento e acolhimento durante o evento. \u201cJ\u00e1 passei pela triagem, fiz testes r\u00e1pidos e me consultei. Gra\u00e7as a Deus, est\u00e1 tudo bem! Todos foram muitos atenciosos desde que cheguei e gostei muito de participar desse evento\u201d, destacou.<\/p>\n<p>O pequeno Kauan Miguel, de 4 anos, &nbsp;acompanhado da m\u00e3e, Cleane Santos, 35 anos, al\u00e9m de passar por atendimento pedi\u00e1trico foi orientado de forma l\u00fadica sobre como manter uma boa sa\u00fade bucal. \u201cGostei muito do meu filho aprender brincando sobre como escovar de forma correta os dentes. Ele adorou brincar e ganhar o kit bucal para manter uma boa escova\u00e7\u00e3o em casa\u201d, destacou.<\/p>\n<p><img decoding=\"async\" src=\"http:\/\/alagoas.al.gov.br\/imagens\/conteudos\/e8e40ac7a864c739b7f4ad5f39c1e373\/\/SESAU%20SAN%203.JPG\"><\/p>\n<p>Presente ao evento, o secret\u00e1rio de Estado da Sa\u00fade, m\u00e9dico Gustavo Pontes de Miranda, afirmou que a Sesau visa garantir uma primeira inf\u00e2ncia saud\u00e1vel para todas as crian\u00e7as em condi\u00e7\u00e3o de vulnerabilidade social. \u201cA assist\u00eancia a sa\u00fade dos nossos pequenos alagoanos est\u00e1 no eixo da nossa gest\u00e3o. Nosso compromisso junto com o Governo de Alagoas \u00e9 ampliar, ainda mais, os servi\u00e7os ofertados em todos os munic\u00edpios\u201d, assegurou.<\/p>\n<p>A secret\u00e1ria Executiva de Regula\u00e7\u00e3o e Gest\u00e3o, Geonice Peixoto, ressaltou a parceria da Sesau com a Secretaria da Primeira Inf\u00e2ncia (Secria). \u201cA Sesau \u00e9 uma grande parceira da Secria nesta primeira a\u00e7\u00e3o do Circuito Cria. Estamos proporcionando para as gestantes e crian\u00e7as, consultas com pediatras, nutricionistas e odont\u00f3logos, al\u00e9m de vacina\u00e7\u00e3o e testes r\u00e1pidos. Essa parceria beneficia diretamente a popula\u00e7\u00e3o mais carente, com um atendimento humanizado e especializado\u201d, relatou.<\/p>\n<p>O Circuito \u00e9 umas das a\u00e7\u00f5es do Cria e tem como objetivo a dissemina\u00e7\u00e3o, nos munic\u00edpios alagoanos, da import\u00e2ncia de se investir na primeira inf\u00e2ncia. Interligado a esse objetivo est\u00e3o os cuidados com a sa\u00fade, a educa\u00e7\u00e3o e a assist\u00eancia social, al\u00e9m de incentivos \u00e0 leitura e \u00e0s artes, conv\u00edvio entre crian\u00e7as, fortalecimento da cultura de Alagoas e lazer para as mam\u00e3es das crian\u00e7as beneficiadas.<\/p>\n<p>Com Assessoria SESAU<\/p>\n<span style=\"clear:both;display:none;\"><img src=\"http:\/\/www.muricionline.com.br\/novo\/wp-content\/plugins\/wp-spamfree\/img\/wpsf-img.php\" width=\"0\" height=\"0\" alt=\"\" style=\"border-style:none;width:0px;height:0px;display:none;\" \/><\/span>","protected":false},"excerpt":{"rendered":"<p>A assist\u00eancia em sa\u00fade para crian\u00e7as e gestantes de Santana do Ipanema, no Sert\u00e3o de Alagoas, ganhou refor\u00e7o dos profissionais da Secretaria de Estado da Sa\u00fade (Sesau), na quarta-feira (22). Isso porque, diversos servi\u00e7os foram levados \u00e0 popula\u00e7\u00e3o durante mais uma edi\u00e7\u00e3o do Circuito Cria, uma iniciativa do Governo de Alagoas, em parceria com a&#8230;<\/p>\n","protected":false},"author":1,"featured_media":19681,"comment_status":"open","ping_status":"open","sticky":false,"template":"","format":"standard","meta":{"footnotes":""},"categories":[1],"tags":[5],"_links":{"self":[{"href":"https:\/\/www.muricionline.com.br\/novo\/index.php?rest_route=\/wp\/v2\/posts\/19680"}],"collection":[{"href":"https:\/\/www.muricionline.com.br\/novo\/index.php?rest_route=\/wp\/v2\/posts"}],"about":[{"href":"https:\/\/www.muricionline.com.br\/novo\/index.php?rest_route=\/wp\/v2\/types\/post"}],"author":[{"embeddable":true,"href":"https:\/\/www.muricionline.com.br\/novo\/index.php?rest_route=\/wp\/v2\/users\/1"}],"replies":[{"embeddable":true,"href":"https:\/\/www.muricionline.com.br\/novo\/index.php?rest_route=%2Fwp%2Fv2%2Fcomments&post=19680"}],"version-history":[{"count":1,"href":"https:\/\/www.muricionline.com.br\/novo\/index.php?rest_route=\/wp\/v2\/posts\/19680\/revisions"}],"predecessor-version":[{"id":19682,"href":"https:\/\/www.muricionline.com.br\/novo\/index.php?rest_route=\/wp\/v2\/posts\/19680\/revisions\/19682"}],"wp:featuredmedia":[{"embeddable":true,"href":"https:\/\/www.muricionline.com.br\/novo\/index.php?rest_route=\/wp\/v2\/media\/19681"}],"wp:attachment":[{"href":"https:\/\/www.muricionline.com.br\/novo\/index.php?rest_route=%2Fwp%2Fv2%2Fmedia&parent=19680"}],"wp:term":[{"taxonomy":"category","embeddable":true,"href":"https:\/\/www.muricionline.com.br\/novo\/index.php?rest_route=%2Fwp%2Fv2%2Fcategories&post=19680"},{"taxonomy":"post_tag","embeddable":true,"href":"https:\/\/www.muricionline.com.br\/novo\/index.php?rest_route=%2Fwp%2Fv2%2Ftags&post=19680"}],"curies":[{"name":"wp","href":"https:\/\/api.w.org\/{rel}","templated":true}]}}