{"id":19683,"date":"2023-03-23T11:45:37","date_gmt":"2023-03-23T14:45:37","guid":{"rendered":"http:\/\/www.muricionline.com.br\/novo\/?p=19683"},"modified":"2023-03-23T11:45:37","modified_gmt":"2023-03-23T14:45:37","slug":"governador-paulo-anuncia-implantacao-de-restaurantes-populares-em-santana-do-ipanema-e-delmiro-gouveia","status":"publish","type":"post","link":"https:\/\/www.muricionline.com.br\/novo\/?p=19683","title":{"rendered":"Governador Paulo anuncia implanta\u00e7\u00e3o de restaurantes populares em Santana do Ipanema e Delmiro Gouveia"},"content":{"rendered":"<p>O governador de Alagoas, Paulo Dantas, anunciou a implanta\u00e7\u00e3o de dois restaurantes populares, um em Santana do Ipanema e o outro em Delmiro Gouveia. O an\u00fancio foi dado nesta quarta-feira (22), durante a realiza\u00e7\u00e3o do Circuito Cria, evento realizado pelo Governo do Estado, em Santana. As prefeitas de Santana, Christiane Bulh\u00f5es, e de Delmiro Gouveia, Ziane Costa, estavam presentes na solenidade e comemoraram a boa not\u00edcia proferida pelo chefe do executivo estadual.<\/p>\n<p>\u201cQuero anunciar em primeira m\u00e3o a constru\u00e7\u00e3o de mais dois restaurantes populares, um em Santana e o outro em Delmiro Gouveia. Os restaurantes j\u00e1 est\u00e3o garantidos. O estado vem realizando um somat\u00f3rio de esfor\u00e7os para combater a fome e o restaurante popular faz parte desse conjunto de a\u00e7\u00f5es\u201d, disse.<\/p>\n<p><img loading=\"lazy\" decoding=\"async\" class=\"aligncenter size-full wp-image-34037\" src=\"https:\/\/sertaonahora.com.br\/wp-content\/uploads\/2023\/03\/DSC02986.jpg\" sizes=\"(max-width: 2000px) 100vw, 2000px\" srcset=\"https:\/\/sertaonahora.com.br\/wp-content\/uploads\/2023\/03\/DSC02986.jpg 2000w, https:\/\/sertaonahora.com.br\/wp-content\/uploads\/2023\/03\/DSC02986-300x200.jpg 300w, https:\/\/sertaonahora.com.br\/wp-content\/uploads\/2023\/03\/DSC02986-1024x682.jpg 1024w, https:\/\/sertaonahora.com.br\/wp-content\/uploads\/2023\/03\/DSC02986-768x512.jpg 768w, https:\/\/sertaonahora.com.br\/wp-content\/uploads\/2023\/03\/DSC02986-1536x1024.jpg 1536w, https:\/\/sertaonahora.com.br\/wp-content\/uploads\/2023\/03\/DSC02986-750x500.jpg 750w, https:\/\/sertaonahora.com.br\/wp-content\/uploads\/2023\/03\/DSC02986-1140x760.jpg 1140w\" alt=\"\" width=\"2000\" height=\"1333\"><\/p>\n<p>O restaurante popular integra o Programa Pacto Contra a Fome que visa ao combate \u00e0 desnutri\u00e7\u00e3o e \u00e0 inseguran\u00e7a alimentar da popula\u00e7\u00e3o em maior situa\u00e7\u00e3o de vulnerabilidade social no Estado. Atualmente, o Estado disp\u00f5e de um restaurante popular no Benedito Bentes I, em Macei\u00f3.<\/p>\n<p>Lan\u00e7ado pelo Governo em junho de 2022 e custeado pelo Fundo Estadual de Combate e Erradica\u00e7\u00e3o da Pobreza (Fecoep), o Programa Pacto Contra Fome tem como p\u00fablico-alvo pessoas em situa\u00e7\u00e3o de vulnerabilidade social e risco nutricional. Com o restaurante popular, o Estado possibilita que as pessoas se alimentem com qualidade por um pre\u00e7o simb\u00f3lico de R$ 2,00.<\/p>\n<p>O p\u00fablico \u00e9 constitu\u00eddo por trabalhadores formais, trabalhadores informais de baixa renda, desempregados, aposentados, estudantes, popula\u00e7\u00e3o em situa\u00e7\u00e3o de rua, entre outros grupos de pessoas em vulnerabilidade social e risco alimentar.<\/p>\n<p>As refei\u00e7\u00f5es passam por rigoroso processo de controle sanit\u00e1rio e nutricional por uma equipe composta por nutricionistas. A prioridade ser\u00e1 ofertar produtos org\u00e2nicos, por serem mais frescos e nutritivos e, tamb\u00e9m, como forma de alavancar a agricultura familiar e economia.<\/p>\n<p>O card\u00e1pio \u00e9 variado e composto, no almo\u00e7o, por duas op\u00e7\u00f5es de prote\u00ednas, dois tipos de acompanhamento, uma guarni\u00e7\u00e3o e duas saladas \u2013 uma crua e outra cozida -, al\u00e9m de suco e sobremesa. No jantar \u00e9 oferecida uma op\u00e7\u00e3o de sopa, com p\u00e3o ou torrada, e caf\u00e9. Todas as refei\u00e7\u00f5es saem ao pre\u00e7o de R$ 2,00.<\/p>\n<p>&nbsp;<\/p>\n<p>Com Sert\u00e3o na Hora<\/p>\n<span style=\"clear:both;display:none;\"><img src=\"http:\/\/www.muricionline.com.br\/novo\/wp-content\/plugins\/wp-spamfree\/img\/wpsf-img.php\" width=\"0\" height=\"0\" alt=\"\" style=\"border-style:none;width:0px;height:0px;display:none;\" \/><\/span>","protected":false},"excerpt":{"rendered":"<p>O governador de Alagoas, Paulo Dantas, anunciou a implanta\u00e7\u00e3o de dois restaurantes populares, um em Santana do Ipanema e o outro em Delmiro Gouveia. O an\u00fancio foi dado nesta quarta-feira (22), durante a realiza\u00e7\u00e3o do Circuito Cria, evento realizado pelo Governo do Estado, em Santana. As prefeitas de Santana, Christiane Bulh\u00f5es, e de Delmiro Gouveia,&#8230;<\/p>\n","protected":false},"author":1,"featured_media":19684,"comment_status":"open","ping_status":"open","sticky":false,"template":"","format":"standard","meta":{"footnotes":""},"categories":[7,1],"tags":[5],"_links":{"self":[{"href":"https:\/\/www.muricionline.com.br\/novo\/index.php?rest_route=\/wp\/v2\/posts\/19683"}],"collection":[{"href":"https:\/\/www.muricionline.com.br\/novo\/index.php?rest_route=\/wp\/v2\/posts"}],"about":[{"href":"https:\/\/www.muricionline.com.br\/novo\/index.php?rest_route=\/wp\/v2\/types\/post"}],"author":[{"embeddable":true,"href":"https:\/\/www.muricionline.com.br\/novo\/index.php?rest_route=\/wp\/v2\/users\/1"}],"replies":[{"embeddable":true,"href":"https:\/\/www.muricionline.com.br\/novo\/index.php?rest_route=%2Fwp%2Fv2%2Fcomments&post=19683"}],"version-history":[{"count":1,"href":"https:\/\/www.muricionline.com.br\/novo\/index.php?rest_route=\/wp\/v2\/posts\/19683\/revisions"}],"predecessor-version":[{"id":19685,"href":"https:\/\/www.muricionline.com.br\/novo\/index.php?rest_route=\/wp\/v2\/posts\/19683\/revisions\/19685"}],"wp:featuredmedia":[{"embeddable":true,"href":"https:\/\/www.muricionline.com.br\/novo\/index.php?rest_route=\/wp\/v2\/media\/19684"}],"wp:attachment":[{"href":"https:\/\/www.muricionline.com.br\/novo\/index.php?rest_route=%2Fwp%2Fv2%2Fmedia&parent=19683"}],"wp:term":[{"taxonomy":"category","embeddable":true,"href":"https:\/\/www.muricionline.com.br\/novo\/index.php?rest_route=%2Fwp%2Fv2%2Fcategories&post=19683"},{"taxonomy":"post_tag","embeddable":true,"href":"https:\/\/www.muricionline.com.br\/novo\/index.php?rest_route=%2Fwp%2Fv2%2Ftags&post=19683"}],"curies":[{"name":"wp","href":"https:\/\/api.w.org\/{rel}","templated":true}]}}