{"id":19694,"date":"2023-03-23T20:30:50","date_gmt":"2023-03-23T23:30:50","guid":{"rendered":"http:\/\/www.muricionline.com.br\/novo\/?p=19694"},"modified":"2023-03-23T20:30:50","modified_gmt":"2023-03-23T23:30:50","slug":"governador-entrega-caminhoes-pipa-do-programa-fortalece-alagoas-em-santana-do-ipanema","status":"publish","type":"post","link":"https:\/\/www.muricionline.com.br\/novo\/?p=19694","title":{"rendered":"Governador entrega caminh\u00f5es-pipa do Programa Fortalece Alagoas em Santana do Ipanema"},"content":{"rendered":"<p>O governador de Alagoas, Paulo Dantas entregou ao povo santanense, dois caminh\u00f5es-pipa do Programa Fortalece Alagoas para auxiliar a Prefeitura de Santana do Ipanema no atendimento as comunidades distantes que n\u00e3o tem acesso a \u00e1gua encanada.<\/p>\n<p>A entrega aconteceu na manh\u00e3 desta quarta-feira (22), durante a realiza\u00e7\u00e3o do Mundo Cria, um grande arena de cidadania e cuidados para crian\u00e7as na 1\u00aa inf\u00e2ncia e gestantes.<\/p>\n<p>As chaves dos caminh\u00f5es foram entregues nas m\u00e3os da prefeita Christiane Bulh\u00f5es e do secret\u00e1rio de Infraestrutura, Marcelo Melo.<\/p>\n<p>A prefeita de Santana destacou a uni\u00e3o com o Governo do Estado para levar melhores servi\u00e7os para os santanenses e agradeceu ao governador Paulo Dantas pela parceria de sempre.<\/p>\n<p>A solenidade contou com as presen\u00e7as dos deputados Remi Calheiros e Ronaldo Medeiros, secret\u00e1rios de Estado, do vice-prefeito Iury Pinto, de vereadores e secret\u00e1rios municipais.<\/p>\n<p>&nbsp;<\/p>\n<p>Com Assessoria&nbsp;<\/p>\n<span style=\"clear:both;display:none;\"><img src=\"http:\/\/www.muricionline.com.br\/novo\/wp-content\/plugins\/wp-spamfree\/img\/wpsf-img.php\" width=\"0\" height=\"0\" alt=\"\" style=\"border-style:none;width:0px;height:0px;display:none;\" \/><\/span>","protected":false},"excerpt":{"rendered":"<p>O governador de Alagoas, Paulo Dantas entregou ao povo santanense, dois caminh\u00f5es-pipa do Programa Fortalece Alagoas para auxiliar a Prefeitura de Santana do Ipanema no atendimento as comunidades distantes que n\u00e3o tem acesso a \u00e1gua encanada. A entrega aconteceu na manh\u00e3 desta quarta-feira (22), durante a realiza\u00e7\u00e3o do Mundo Cria, um grande arena de cidadania&#8230;<\/p>\n","protected":false},"author":1,"featured_media":19695,"comment_status":"open","ping_status":"open","sticky":false,"template":"","format":"standard","meta":{"footnotes":""},"categories":[1],"tags":[],"_links":{"self":[{"href":"https:\/\/www.muricionline.com.br\/novo\/index.php?rest_route=\/wp\/v2\/posts\/19694"}],"collection":[{"href":"https:\/\/www.muricionline.com.br\/novo\/index.php?rest_route=\/wp\/v2\/posts"}],"about":[{"href":"https:\/\/www.muricionline.com.br\/novo\/index.php?rest_route=\/wp\/v2\/types\/post"}],"author":[{"embeddable":true,"href":"https:\/\/www.muricionline.com.br\/novo\/index.php?rest_route=\/wp\/v2\/users\/1"}],"replies":[{"embeddable":true,"href":"https:\/\/www.muricionline.com.br\/novo\/index.php?rest_route=%2Fwp%2Fv2%2Fcomments&post=19694"}],"version-history":[{"count":1,"href":"https:\/\/www.muricionline.com.br\/novo\/index.php?rest_route=\/wp\/v2\/posts\/19694\/revisions"}],"predecessor-version":[{"id":19696,"href":"https:\/\/www.muricionline.com.br\/novo\/index.php?rest_route=\/wp\/v2\/posts\/19694\/revisions\/19696"}],"wp:featuredmedia":[{"embeddable":true,"href":"https:\/\/www.muricionline.com.br\/novo\/index.php?rest_route=\/wp\/v2\/media\/19695"}],"wp:attachment":[{"href":"https:\/\/www.muricionline.com.br\/novo\/index.php?rest_route=%2Fwp%2Fv2%2Fmedia&parent=19694"}],"wp:term":[{"taxonomy":"category","embeddable":true,"href":"https:\/\/www.muricionline.com.br\/novo\/index.php?rest_route=%2Fwp%2Fv2%2Fcategories&post=19694"},{"taxonomy":"post_tag","embeddable":true,"href":"https:\/\/www.muricionline.com.br\/novo\/index.php?rest_route=%2Fwp%2Fv2%2Ftags&post=19694"}],"curies":[{"name":"wp","href":"https:\/\/api.w.org\/{rel}","templated":true}]}}