{"id":19702,"date":"2023-03-23T21:45:39","date_gmt":"2023-03-24T00:45:39","guid":{"rendered":"http:\/\/www.muricionline.com.br\/novo\/?p=19702"},"modified":"2023-03-23T21:45:49","modified_gmt":"2023-03-24T00:45:49","slug":"prefeitura-de-uniao-dos-palmares-leva-acoes-agricolas-e-sociais-para-populacao-do-sitio-jacinto","status":"publish","type":"post","link":"https:\/\/www.muricionline.com.br\/novo\/?p=19702","title":{"rendered":"Prefeitura de Uni\u00e3o dos Palmares leva a\u00e7\u00f5es agr\u00edcolas e sociais para popula\u00e7\u00e3o do s\u00edtio Jacinto"},"content":{"rendered":"<p>Nesta ter\u00e7a-feira (21), a Prefeitura de Uni\u00e3o dos Palmares levou os programas For\u00e7a da Terra e Uni\u00e3o de M\u00e3os Dadas para mais uma regi\u00e3o da zona rural, o s\u00edtio Jacinto. Nas a\u00e7\u00f5es, a entrega de mais de 50 kits agr\u00edcolas, for\u00e7a-tarefa de maquin\u00e1rio para melhorar as estradas locais, al\u00e9m do trabalho de ara\u00e7\u00e3o de terra e das a\u00e7\u00f5es sociais, como entrega de cestas b\u00e1sicas, kits de higiene e camas para pessoas em vulnerabilidade social.<\/p>\n<p>Participaram do evento, o vice-prefeito Junior Menezes, o secret\u00e1rio de agricultura Sandro Couto, o representante do poder legislativo, vereador Almir Belo e diversas autoridades. O programa For\u00e7a da Terra, de acordo com o prefeito Kil de Freitas, tamb\u00e9m contempla o trabalhador do campo com assist\u00eancia t\u00e9cnica, quita\u00e7\u00e3o de d\u00edvidas rurais e outros benef\u00edcios para ajudar na produ\u00e7\u00e3o.<\/p>\n<p>\u201cS\u00e3o programas muito importantes que levam a gest\u00e3o para mais pr\u00f3ximo das pessoas que mais precisam, esse contato com a zona rural \u00e9 essencial para que a gente possa trabalhar melhorias cada vez maiores de condi\u00e7\u00f5es de trabalho para essa popula\u00e7\u00e3o\u201d, afirma o prefeito.<\/p>\n<p>&nbsp;<\/p>\n<p>Com Assessoria&nbsp;<\/p>\n<span style=\"clear:both;display:none;\"><img src=\"http:\/\/www.muricionline.com.br\/novo\/wp-content\/plugins\/wp-spamfree\/img\/wpsf-img.php\" width=\"0\" height=\"0\" alt=\"\" style=\"border-style:none;width:0px;height:0px;display:none;\" \/><\/span>","protected":false},"excerpt":{"rendered":"<p>Nesta ter\u00e7a-feira (21), a Prefeitura de Uni\u00e3o dos Palmares levou os programas For\u00e7a da Terra e Uni\u00e3o de M\u00e3os Dadas para mais uma regi\u00e3o da zona rural, o s\u00edtio Jacinto. Nas a\u00e7\u00f5es, a entrega de mais de 50 kits agr\u00edcolas, for\u00e7a-tarefa de maquin\u00e1rio para melhorar as estradas locais, al\u00e9m do trabalho de ara\u00e7\u00e3o de terra&#8230;<\/p>\n","protected":false},"author":1,"featured_media":19703,"comment_status":"open","ping_status":"open","sticky":false,"template":"","format":"standard","meta":{"footnotes":""},"categories":[1],"tags":[5],"_links":{"self":[{"href":"https:\/\/www.muricionline.com.br\/novo\/index.php?rest_route=\/wp\/v2\/posts\/19702"}],"collection":[{"href":"https:\/\/www.muricionline.com.br\/novo\/index.php?rest_route=\/wp\/v2\/posts"}],"about":[{"href":"https:\/\/www.muricionline.com.br\/novo\/index.php?rest_route=\/wp\/v2\/types\/post"}],"author":[{"embeddable":true,"href":"https:\/\/www.muricionline.com.br\/novo\/index.php?rest_route=\/wp\/v2\/users\/1"}],"replies":[{"embeddable":true,"href":"https:\/\/www.muricionline.com.br\/novo\/index.php?rest_route=%2Fwp%2Fv2%2Fcomments&post=19702"}],"version-history":[{"count":1,"href":"https:\/\/www.muricionline.com.br\/novo\/index.php?rest_route=\/wp\/v2\/posts\/19702\/revisions"}],"predecessor-version":[{"id":19704,"href":"https:\/\/www.muricionline.com.br\/novo\/index.php?rest_route=\/wp\/v2\/posts\/19702\/revisions\/19704"}],"wp:featuredmedia":[{"embeddable":true,"href":"https:\/\/www.muricionline.com.br\/novo\/index.php?rest_route=\/wp\/v2\/media\/19703"}],"wp:attachment":[{"href":"https:\/\/www.muricionline.com.br\/novo\/index.php?rest_route=%2Fwp%2Fv2%2Fmedia&parent=19702"}],"wp:term":[{"taxonomy":"category","embeddable":true,"href":"https:\/\/www.muricionline.com.br\/novo\/index.php?rest_route=%2Fwp%2Fv2%2Fcategories&post=19702"},{"taxonomy":"post_tag","embeddable":true,"href":"https:\/\/www.muricionline.com.br\/novo\/index.php?rest_route=%2Fwp%2Fv2%2Ftags&post=19702"}],"curies":[{"name":"wp","href":"https:\/\/api.w.org\/{rel}","templated":true}]}}