{"id":19705,"date":"2023-03-23T21:50:01","date_gmt":"2023-03-24T00:50:01","guid":{"rendered":"http:\/\/www.muricionline.com.br\/novo\/?p=19705"},"modified":"2023-03-23T21:50:01","modified_gmt":"2023-03-24T00:50:01","slug":"mundo-cria-levou-acoes-exclusivas-para-criancas-na-1a-infancia-e-gestantes-de-santana-do-ipanema","status":"publish","type":"post","link":"https:\/\/www.muricionline.com.br\/novo\/?p=19705","title":{"rendered":"Mundo Cria levou a\u00e7\u00f5es exclusivas para crian\u00e7as na 1\u00aa inf\u00e2ncia e gestantes de Santana do Ipanema"},"content":{"rendered":"<p>A quarta-feira foi divertida e repleta de a\u00e7\u00f5es itinerantes para crian\u00e7as na 1\u00aa inf\u00e2ncia e gestantes com a realiza\u00e7\u00e3o da primeira edi\u00e7\u00e3o do Mundo Cria, uma grande arena de cidadania e cuidados. O evento foi realizado ontem (22), pelo Governo do Estado em parceria com a Prefeitura de Santana do Ipanema.<\/p>\n<p>O Mundo Cria contou com as presen\u00e7as do governador de Alagoas, Paulo Dantas, da primeira-dama Marina Dantas e da secret\u00e1ria da Primeira Inf\u00e2ncia, Paula Dantas, da prefeita de Santana do Ipanema, Christiane Bulh\u00f5es, do vice-prefeito Iury Pinto, de vereadores e secret\u00e1rios municipais, al\u00e9m dos prefeitos de Delmiro Gouveia, Ziane Costa e de S\u00e3o Jos\u00e9 da Tapera, Jarbas Ricardo.<\/p>\n<p>O Mundo Cria \u00e9 uma nova vers\u00e3o do antigo Circuito Cria iniciado em 2015. Agora, ele passa a ser um projeto itinerante da Secria em parceria com outras secretarias, cujo objetivo \u00e9 promover o desenvolvimento saud\u00e1vel e digno para crian\u00e7as na primeira inf\u00e2ncia e assist\u00eancia para gestantes em condi\u00e7\u00f5es de vulnerabilidade social. Este \u00e9 o primeiro ano que ele funciona de forma independente. S\u00e3o oferecidos servi\u00e7os como a distribui\u00e7\u00e3o de kits de higiene bucal, circuito de brincadeiras e orienta\u00e7\u00f5es de educa\u00e7\u00e3o nutricional.<\/p>\n<p>\u201cOs primeiros anos de vida de uma crian\u00e7a s\u00e3o fundamentais para o seu desenvolvimento saud\u00e1vel, \u00e9 por isso que a primeira inf\u00e2ncia tem nossa total aten\u00e7\u00e3o, para que as m\u00e3es tenham um pr\u00e9-natal de qualidade e seguran\u00e7a, assim como as crian\u00e7as de at\u00e9 3 anos recebam nossa aten\u00e7\u00e3o e cuidado\u201d, destacou o governador.<\/p>\n<p>Com o cora\u00e7\u00e3o transbordando de alegria, a prefeita de Santana do Ipanema falou da import\u00e2ncia do munic\u00edpio receber o Mundo CRIA, com as atividades voltadas para as gestantes e crian\u00e7as de 0 a 6 anos e agradeceu ao governador e toda sua equipe pela parceria.<\/p>\n<p>J\u00e1 a secret\u00e1ria Paula Dantas reafirmou a import\u00e2ncia das gestantes e pu\u00e9rperas de terem acesso aos programas assistenciais e convocou aquelas que ainda n\u00e3o est\u00e3o inscritas no Cart\u00e3o Cria. \u201cMam\u00e3es e futuras mam\u00e3es \u00e9 muito importante que voc\u00eas tenham assist\u00eancia de qualidade nesse momento importante da vida de voc\u00eas e dos beb\u00eas. Nossa equipe de assistentes sociais est\u00e1 \u00e0 disposi\u00e7\u00e3o para auxili\u00e1-las para que estejam inscritas no programa e recebam todos os benef\u00edcios. Uma primeira inf\u00e2ncia de qualidade significa crian\u00e7as bem desenvolvidas e com sa\u00fade\u201d, destacou a secret\u00e1ria.<\/p>\n<p>Com Assessoria&nbsp;<\/p>\n<div id='gallery-1' class='gallery galleryid-19705 gallery-columns-3 gallery-size-thumbnail'><figure class='gallery-item'>\n\t\t\t<div class='gallery-icon landscape'>\n\t\t\t\t<a href='https:\/\/www.muricionline.com.br\/novo\/?attachment_id=19707'><img loading=\"lazy\" decoding=\"async\" width=\"80\" height=\"80\" src=\"https:\/\/www.muricionline.com.br\/novo\/wp-content\/uploads\/2023\/03\/C0C6F5B8-4F18-4607-AE57-B91F52C64F16-150x150.jpeg\" class=\"attachment-thumbnail size-thumbnail\" alt=\"\" \/><\/a>\n\t\t\t<\/div><\/figure><figure class='gallery-item'>\n\t\t\t<div class='gallery-icon landscape'>\n\t\t\t\t<a href='https:\/\/www.muricionline.com.br\/novo\/?attachment_id=19708'><img loading=\"lazy\" decoding=\"async\" width=\"80\" height=\"80\" src=\"https:\/\/www.muricionline.com.br\/novo\/wp-content\/uploads\/2023\/03\/2CD4F36D-9837-4BFA-8308-C2F9BBF0A567-150x150.jpeg\" class=\"attachment-thumbnail size-thumbnail\" alt=\"\" \/><\/a>\n\t\t\t<\/div><\/figure><figure class='gallery-item'>\n\t\t\t<div class='gallery-icon landscape'>\n\t\t\t\t<a href='https:\/\/www.muricionline.com.br\/novo\/?attachment_id=19709'><img loading=\"lazy\" decoding=\"async\" width=\"80\" height=\"80\" src=\"https:\/\/www.muricionline.com.br\/novo\/wp-content\/uploads\/2023\/03\/1D944629-49A8-4AD2-9841-3F75B576BDA3-150x150.jpeg\" class=\"attachment-thumbnail size-thumbnail\" alt=\"\" \/><\/a>\n\t\t\t<\/div><\/figure><figure class='gallery-item'>\n\t\t\t<div class='gallery-icon landscape'>\n\t\t\t\t<a href='https:\/\/www.muricionline.com.br\/novo\/?attachment_id=19710'><img loading=\"lazy\" decoding=\"async\" width=\"80\" height=\"80\" src=\"https:\/\/www.muricionline.com.br\/novo\/wp-content\/uploads\/2023\/03\/D5F64EF0-1093-4FF2-8017-3F90E3F1391C-150x150.jpeg\" class=\"attachment-thumbnail size-thumbnail\" alt=\"\" \/><\/a>\n\t\t\t<\/div><\/figure><figure class='gallery-item'>\n\t\t\t<div class='gallery-icon landscape'>\n\t\t\t\t<a href='https:\/\/www.muricionline.com.br\/novo\/?attachment_id=19711'><img loading=\"lazy\" decoding=\"async\" width=\"80\" height=\"80\" src=\"https:\/\/www.muricionline.com.br\/novo\/wp-content\/uploads\/2023\/03\/038BBDBB-5FA2-4577-B9D1-2A6E0E5B4E55-150x150.jpeg\" class=\"attachment-thumbnail size-thumbnail\" alt=\"\" \/><\/a>\n\t\t\t<\/div><\/figure>\n\t\t<\/div>\n\n<span style=\"clear:both;display:none;\"><img src=\"http:\/\/www.muricionline.com.br\/novo\/wp-content\/plugins\/wp-spamfree\/img\/wpsf-img.php\" width=\"0\" height=\"0\" alt=\"\" style=\"border-style:none;width:0px;height:0px;display:none;\" \/><\/span>","protected":false},"excerpt":{"rendered":"<p>A quarta-feira foi divertida e repleta de a\u00e7\u00f5es itinerantes para crian\u00e7as na 1\u00aa inf\u00e2ncia e gestantes com a realiza\u00e7\u00e3o da primeira edi\u00e7\u00e3o do Mundo Cria, uma grande arena de cidadania e cuidados. O evento foi realizado ontem (22), pelo Governo do Estado em parceria com a Prefeitura de Santana do Ipanema. O Mundo Cria contou&#8230;<\/p>\n","protected":false},"author":1,"featured_media":19706,"comment_status":"open","ping_status":"open","sticky":false,"template":"","format":"standard","meta":{"footnotes":""},"categories":[1],"tags":[5],"_links":{"self":[{"href":"https:\/\/www.muricionline.com.br\/novo\/index.php?rest_route=\/wp\/v2\/posts\/19705"}],"collection":[{"href":"https:\/\/www.muricionline.com.br\/novo\/index.php?rest_route=\/wp\/v2\/posts"}],"about":[{"href":"https:\/\/www.muricionline.com.br\/novo\/index.php?rest_route=\/wp\/v2\/types\/post"}],"author":[{"embeddable":true,"href":"https:\/\/www.muricionline.com.br\/novo\/index.php?rest_route=\/wp\/v2\/users\/1"}],"replies":[{"embeddable":true,"href":"https:\/\/www.muricionline.com.br\/novo\/index.php?rest_route=%2Fwp%2Fv2%2Fcomments&post=19705"}],"version-history":[{"count":1,"href":"https:\/\/www.muricionline.com.br\/novo\/index.php?rest_route=\/wp\/v2\/posts\/19705\/revisions"}],"predecessor-version":[{"id":19712,"href":"https:\/\/www.muricionline.com.br\/novo\/index.php?rest_route=\/wp\/v2\/posts\/19705\/revisions\/19712"}],"wp:featuredmedia":[{"embeddable":true,"href":"https:\/\/www.muricionline.com.br\/novo\/index.php?rest_route=\/wp\/v2\/media\/19706"}],"wp:attachment":[{"href":"https:\/\/www.muricionline.com.br\/novo\/index.php?rest_route=%2Fwp%2Fv2%2Fmedia&parent=19705"}],"wp:term":[{"taxonomy":"category","embeddable":true,"href":"https:\/\/www.muricionline.com.br\/novo\/index.php?rest_route=%2Fwp%2Fv2%2Fcategories&post=19705"},{"taxonomy":"post_tag","embeddable":true,"href":"https:\/\/www.muricionline.com.br\/novo\/index.php?rest_route=%2Fwp%2Fv2%2Ftags&post=19705"}],"curies":[{"name":"wp","href":"https:\/\/api.w.org\/{rel}","templated":true}]}}