{"id":19717,"date":"2023-03-24T06:34:04","date_gmt":"2023-03-24T09:34:04","guid":{"rendered":"http:\/\/www.muricionline.com.br\/novo\/?p=19717"},"modified":"2023-03-24T06:34:04","modified_gmt":"2023-03-24T09:34:04","slug":"governador-anuncia-antecipacao-de-pagamento-de-servidores-para-o-dia-29-de-marco","status":"publish","type":"post","link":"https:\/\/www.muricionline.com.br\/novo\/?p=19717","title":{"rendered":"Governador anuncia antecipa\u00e7\u00e3o de pagamento de servidores para o dia 29 de mar\u00e7o"},"content":{"rendered":"<p>O governador Paulo Dantas anunciou nesta quinta-feira (23) a antecipa\u00e7\u00e3o do pagamento do sal\u00e1rio dos servidores p\u00fablicos estaduais para o pr\u00f3ximo dia 29 de mar\u00e7o.<\/p>\n<p>A iniciativa faz parte das a\u00e7\u00f5es de valoriza\u00e7\u00e3o do funcionalismo adotadas desde o in\u00edcio de sua gest\u00e3o &#8211; garantindo o sal\u00e1rio dentro do m\u00eas trabalhado. Com a antecipa\u00e7\u00e3o, ser\u00e3o injetados aproximadamente R$ 500 milh\u00f5es na economia.<\/p>\n<p>\u201cNo pr\u00f3ximo dia 29 tem pagamento antecipado, caindo na conta de mais de 82 mil servidores alagoanos. V\u00e3o ser quase 500 milh\u00f5es de reais injetados na nossa economia, fortalecendo o setor de servi\u00e7os e com\u00e9rcio, e fazendo Alagoas crescer\u201d, disse Paulo.<\/p>\n<p>O governador lembrou que o estado segue s\u00f3lido na economia e fiscalmente, bem como preparado para garantir todas as a\u00e7\u00f5es de valoriza\u00e7\u00e3o dos servidores p\u00fablicos e os projetos de desenvolvimento em benef\u00edcio dos alagoanos.<\/p>\n<p>&nbsp;<\/p>\n<p>Com Assessoria&nbsp;<\/p>\n<span style=\"clear:both;display:none;\"><img src=\"http:\/\/www.muricionline.com.br\/novo\/wp-content\/plugins\/wp-spamfree\/img\/wpsf-img.php\" width=\"0\" height=\"0\" alt=\"\" style=\"border-style:none;width:0px;height:0px;display:none;\" \/><\/span>","protected":false},"excerpt":{"rendered":"<p>O governador Paulo Dantas anunciou nesta quinta-feira (23) a antecipa\u00e7\u00e3o do pagamento do sal\u00e1rio dos servidores p\u00fablicos estaduais para o pr\u00f3ximo dia 29 de mar\u00e7o. A iniciativa faz parte das a\u00e7\u00f5es de valoriza\u00e7\u00e3o do funcionalismo adotadas desde o in\u00edcio de sua gest\u00e3o &#8211; garantindo o sal\u00e1rio dentro do m\u00eas trabalhado. Com a antecipa\u00e7\u00e3o, ser\u00e3o injetados&#8230;<\/p>\n","protected":false},"author":1,"featured_media":19718,"comment_status":"open","ping_status":"open","sticky":false,"template":"","format":"standard","meta":{"footnotes":""},"categories":[7,1],"tags":[5],"_links":{"self":[{"href":"https:\/\/www.muricionline.com.br\/novo\/index.php?rest_route=\/wp\/v2\/posts\/19717"}],"collection":[{"href":"https:\/\/www.muricionline.com.br\/novo\/index.php?rest_route=\/wp\/v2\/posts"}],"about":[{"href":"https:\/\/www.muricionline.com.br\/novo\/index.php?rest_route=\/wp\/v2\/types\/post"}],"author":[{"embeddable":true,"href":"https:\/\/www.muricionline.com.br\/novo\/index.php?rest_route=\/wp\/v2\/users\/1"}],"replies":[{"embeddable":true,"href":"https:\/\/www.muricionline.com.br\/novo\/index.php?rest_route=%2Fwp%2Fv2%2Fcomments&post=19717"}],"version-history":[{"count":1,"href":"https:\/\/www.muricionline.com.br\/novo\/index.php?rest_route=\/wp\/v2\/posts\/19717\/revisions"}],"predecessor-version":[{"id":19719,"href":"https:\/\/www.muricionline.com.br\/novo\/index.php?rest_route=\/wp\/v2\/posts\/19717\/revisions\/19719"}],"wp:featuredmedia":[{"embeddable":true,"href":"https:\/\/www.muricionline.com.br\/novo\/index.php?rest_route=\/wp\/v2\/media\/19718"}],"wp:attachment":[{"href":"https:\/\/www.muricionline.com.br\/novo\/index.php?rest_route=%2Fwp%2Fv2%2Fmedia&parent=19717"}],"wp:term":[{"taxonomy":"category","embeddable":true,"href":"https:\/\/www.muricionline.com.br\/novo\/index.php?rest_route=%2Fwp%2Fv2%2Fcategories&post=19717"},{"taxonomy":"post_tag","embeddable":true,"href":"https:\/\/www.muricionline.com.br\/novo\/index.php?rest_route=%2Fwp%2Fv2%2Ftags&post=19717"}],"curies":[{"name":"wp","href":"https:\/\/api.w.org\/{rel}","templated":true}]}}