{"id":19720,"date":"2023-03-24T08:45:22","date_gmt":"2023-03-24T11:45:22","guid":{"rendered":"http:\/\/www.muricionline.com.br\/novo\/?p=19720"},"modified":"2023-03-24T08:45:22","modified_gmt":"2023-03-24T11:45:22","slug":"sao-jose-da-laje-angela-vanessa-faz-abertura-da-9a-conferencia-municipal-de-saude","status":"publish","type":"post","link":"https:\/\/www.muricionline.com.br\/novo\/?p=19720","title":{"rendered":"S\u00e3o Jos\u00e9 da Laje: Angela Vanessa faz abertura da 9\u00aa Confer\u00eancia Municipal de Sa\u00fade"},"content":{"rendered":"<div>A prefeita Angela Vanessa participou da abertura da 9\u00aa Confer\u00eancia Municipal de Sa\u00fade de S\u00e3o Jos\u00e9 da Laje, que aconteceu na quarta-feira, 22, no Polo UAB. A mesa diretora tamb\u00e9m foi composta pelo secret\u00e1rio Municipal de Sa\u00fade, Fernando Chicuta, pelo presidente do Conselho Municipal de Sa\u00fade, Cl\u00e9cio Diniz, al\u00e9m das Secret\u00e1rias Municipais, Adriana Barbosa e Anna Cl\u00e1udia.<\/div>\n<div>\n<p>Neste ano, centenas de profissionais da sa\u00fade e usu\u00e1rios do SUS participaram da solenidade, &nbsp;cuja Confer\u00eancia Municipal de Sa\u00fade teve como tema central: \u201cGarantir direitos e defender o SUS, a vida e a democracia \u2013 Amanh\u00e3 vai ser um novo dia\u201d.<\/p>\n<p>O presidente do Conselho Municipal de Sa\u00fade, Cl\u00e9cio Diniz, \u00f3rg\u00e3o respons\u00e1vel pela organiza\u00e7\u00e3o do evento, agradeceu aos membros da comiss\u00e3o, que se empenharam para garantir uma Confer\u00eancia bem feita e democr\u00e1tica. \u201cUma Confer\u00eancia aberta a todos, mas que deve cumprir todos os regimentos\u201d.<\/p>\n<p>Fernando Chicuta, secret\u00e1rio Municipal de Sa\u00fade, comentou sobre o empenho da Prefeita Angela Vanessa em ampliar os servi\u00e7os em conjunto prol da popula\u00e7\u00e3o. \u201cEstamos aqui hoje para discutir a\u00e7\u00f5es que melhorem o atendimento do cidad\u00e3o, para que o usu\u00e1rio do SUS seja, de fato, beneficiado. A prefeita Vanessa tem sido uma gigante em ofertar investimentos em sa\u00fade, desenvolvendo uma pol\u00edtica p\u00fablica respons\u00e1vel. Tenho certeza que daqui sair\u00e3o ideias que levaremos \u00e0 diante, a n\u00edveis estadual e federal\u201d.<\/p>\n<p>Por fim, a prefeita agradeceu todos os envolvidos na organiza\u00e7\u00e3o da Confer\u00eancia e aos servidores que atuam na Secretaria Municipal de Sa\u00fade. \u201cO encontro \u00e9 fundamental para mantermos o bom funcionamento da gest\u00e3o, pois junto aos profissionais, trocamos ideias e avaliamos a situa\u00e7\u00e3o da sa\u00fade municipal, debatendo pol\u00edticas p\u00fablicas, propostas de melhorias dos servi\u00e7os ofertados \u00e0 popula\u00e7\u00e3o lajense \u201d, disse a prefeita Angela Vanessa.<\/p>\n<p>Com Assessoria&nbsp;<\/p>\n<\/div>\n<span style=\"clear:both;display:none;\"><img src=\"http:\/\/www.muricionline.com.br\/novo\/wp-content\/plugins\/wp-spamfree\/img\/wpsf-img.php\" width=\"0\" height=\"0\" alt=\"\" style=\"border-style:none;width:0px;height:0px;display:none;\" \/><\/span>","protected":false},"excerpt":{"rendered":"<p>A prefeita Angela Vanessa participou da abertura da 9\u00aa Confer\u00eancia Municipal de Sa\u00fade de S\u00e3o Jos\u00e9 da Laje, que aconteceu na quarta-feira, 22, no Polo UAB. A mesa diretora tamb\u00e9m foi composta pelo secret\u00e1rio Municipal de Sa\u00fade, Fernando Chicuta, pelo presidente do Conselho Municipal de Sa\u00fade, Cl\u00e9cio Diniz, al\u00e9m das Secret\u00e1rias Municipais, Adriana Barbosa e&#8230;<\/p>\n","protected":false},"author":1,"featured_media":19721,"comment_status":"open","ping_status":"open","sticky":false,"template":"","format":"standard","meta":{"footnotes":""},"categories":[1],"tags":[5],"_links":{"self":[{"href":"https:\/\/www.muricionline.com.br\/novo\/index.php?rest_route=\/wp\/v2\/posts\/19720"}],"collection":[{"href":"https:\/\/www.muricionline.com.br\/novo\/index.php?rest_route=\/wp\/v2\/posts"}],"about":[{"href":"https:\/\/www.muricionline.com.br\/novo\/index.php?rest_route=\/wp\/v2\/types\/post"}],"author":[{"embeddable":true,"href":"https:\/\/www.muricionline.com.br\/novo\/index.php?rest_route=\/wp\/v2\/users\/1"}],"replies":[{"embeddable":true,"href":"https:\/\/www.muricionline.com.br\/novo\/index.php?rest_route=%2Fwp%2Fv2%2Fcomments&post=19720"}],"version-history":[{"count":1,"href":"https:\/\/www.muricionline.com.br\/novo\/index.php?rest_route=\/wp\/v2\/posts\/19720\/revisions"}],"predecessor-version":[{"id":19722,"href":"https:\/\/www.muricionline.com.br\/novo\/index.php?rest_route=\/wp\/v2\/posts\/19720\/revisions\/19722"}],"wp:featuredmedia":[{"embeddable":true,"href":"https:\/\/www.muricionline.com.br\/novo\/index.php?rest_route=\/wp\/v2\/media\/19721"}],"wp:attachment":[{"href":"https:\/\/www.muricionline.com.br\/novo\/index.php?rest_route=%2Fwp%2Fv2%2Fmedia&parent=19720"}],"wp:term":[{"taxonomy":"category","embeddable":true,"href":"https:\/\/www.muricionline.com.br\/novo\/index.php?rest_route=%2Fwp%2Fv2%2Fcategories&post=19720"},{"taxonomy":"post_tag","embeddable":true,"href":"https:\/\/www.muricionline.com.br\/novo\/index.php?rest_route=%2Fwp%2Fv2%2Ftags&post=19720"}],"curies":[{"name":"wp","href":"https:\/\/api.w.org\/{rel}","templated":true}]}}